{"id":45861,"date":"2026-04-29T12:44:07","date_gmt":"2026-04-29T10:44:07","guid":{"rendered":"https:\/\/www.convittocampanella.edu.it\/wbs\/?p=45861"},"modified":"2026-04-29T12:44:07","modified_gmt":"2026-04-29T10:44:07","slug":"rivisitazione-artistica-del-logo-del-convitto-nazionale-di-stato-t-campanella-di-reggio-calabria-28-aprile-2026","status":"publish","type":"post","link":"https:\/\/www.convittocampanella.edu.it\/wbs\/rivisitazione-artistica-del-logo-del-convitto-nazionale-di-stato-t-campanella-di-reggio-calabria-28-aprile-2026\/","title":{"rendered":"Rivisitazione artistica del Logo del Convitto Nazionale di Stato &#8220;T. Campanella&#8221; di Reggio Calabria -28 Aprile 2026"},"content":{"rendered":"<p class=\"a\" style=\"text-align: justify;\">L\u2019opera nasce dalla volont\u00e0 di omaggiare l\u2019identit\u00e0 istituzionale del <b>Convitto Nazionale di Stato &#8220;T. Campanella&#8221;<\/b>, punto di riferimento educativo e culturale della citt\u00e0 di Reggio Calabria. Il progetto \u00e8 stato interamente sviluppato durante le ore di <b>Arte e Immagine<\/b>, sotto le direttive e la supervisione del <b>Prof. Francesco Luc\u00e0<\/b>, vedendo il coinvolgimento attivo e coordinato degli studenti delle classi <b>3A e 3B <\/b>della scuola secondaria di I grado.<\/p>\n<p class=\"a\" style=\"text-align: justify;\">Il lavoro rappresenta una versione revisionata e stilizzata del logo storico. Al centro spicca il monogramma <b>&#8220;CN&#8221;<\/b>, sormontato dalla corona istituzionale, simbolo di prestigio e tradizione educativa. Gli ornamenti a voluta che incorniciano le iniziali sono stati riprodotti con cura per mantenere l&#8217;identit\u00e0 visiva originale in chiave contemporanea.<\/p>\n<p class=\"a\" style=\"text-align: justify;\">Si tratta di una <b>bellissima iniziativa artigianale<\/b>, in cui il <b>contrasto cromatico tra l&#8217;azzurro del fondo e l&#8217;oro del logo rende il lavoro molto d&#8217;impatto<\/b>. La tecnica utilizzata \u00e8 quella del mosaico materico su supporto in legno: <b>l&#8217;uso delle pietre colorate aggiunge una texture che valorizza profondamente il simbolo storico del Convitto<\/b>, conferendogli una tridimensionalit\u00e0 dinamica. L&#8217;assemblaggio \u00e8 stato eseguito con estrema precisione utilizzando colla vinilica su un disegno preparatorio rigoroso, completando il tutto con una cornice perimetrale che definisce lo spazio dell&#8217;opera e ne esalta il pregio.<\/p>\n<p>La scelta dei colori riflette un profondo legame con l&#8217;istituzione e il panorama locale:<\/p>\n<ul>\n<li><strong>Il Fondo Azzurro:<\/strong> Evoca la stabilit\u00e0 e la serenit\u00e0 dell&#8217;ambiente di apprendimento, richiamando l&#8217;identit\u00e0 cromatica della citt\u00e0 che si affaccia sullo <strong>Stretto di Messina<\/strong>.<\/li>\n<li><strong>L\u2019Oro del Logo:<\/strong> Simboleggia il valore del sapere, l&#8217;eccellenza scolastica e la luce della conoscenza che il Convitto trasmette ai suoi alunni.<\/li>\n<\/ul>\n<p>L&#8217;opera rappresenta il culmine di un percorso didattico volto a coniugare la teoria artistica con la manualit\u00e0 artigianale. Grazie alla guida del Prof. Luc\u00e0, gli studenti delle classi <strong>3A e 3B<\/strong> hanno potuto esprimere la propria creativit\u00e0, realizzando un manufatto che rester\u00e0 come segno tangibile del loro passaggio e della loro dedizione all&#8217;Istituto.<\/p>\n<div id='gallery-1' class='gallery galleryid-45861 gallery-columns-3 gallery-size-thumbnail'><figure class='gallery-item'>\n\t\t\t<div class='gallery-icon landscape'>\n\t\t\t\t<a class=\"th post-thumbnail zoom\" href='https:\/\/www.convittocampanella.edu.it\/wbs\/rivisitazione-artistica-del-logo-del-convitto-nazionale-di-stato-t-campanella-di-reggio-calabria-28-aprile-2026\/2c4ab5a1-863a-4d86-b257-f1a01016212b\/'><img loading=\"lazy\" decoding=\"async\" width=\"150\" height=\"150\" src=\"https:\/\/www.convittocampanella.edu.it\/wbs\/wp-content\/uploads\/2026\/04\/2c4ab5a1-863a-4d86-b257-f1a01016212b-150x150.jpg\" class=\"attachment-thumbnail size-thumbnail\" alt=\"\" \/><\/a>\n\t\t\t<\/div><\/figure><figure class='gallery-item'>\n\t\t\t<div class='gallery-icon landscape'>\n\t\t\t\t<a class=\"th post-thumbnail zoom\" href='https:\/\/www.convittocampanella.edu.it\/wbs\/rivisitazione-artistica-del-logo-del-convitto-nazionale-di-stato-t-campanella-di-reggio-calabria-28-aprile-2026\/6a81a1ac-868b-4341-a5f5-15b0d95cbc31\/'><img loading=\"lazy\" decoding=\"async\" width=\"150\" height=\"150\" src=\"https:\/\/www.convittocampanella.edu.it\/wbs\/wp-content\/uploads\/2026\/04\/6a81a1ac-868b-4341-a5f5-15b0d95cbc31-150x150.jpg\" class=\"attachment-thumbnail size-thumbnail\" alt=\"\" \/><\/a>\n\t\t\t<\/div><\/figure><figure class='gallery-item'>\n\t\t\t<div class='gallery-icon portrait'>\n\t\t\t\t<a class=\"th post-thumbnail zoom\" href='https:\/\/www.convittocampanella.edu.it\/wbs\/rivisitazione-artistica-del-logo-del-convitto-nazionale-di-stato-t-campanella-di-reggio-calabria-28-aprile-2026\/07f34061-9c64-479e-8cb9-2d6fb391344c\/'><img loading=\"lazy\" decoding=\"async\" width=\"150\" height=\"150\" src=\"https:\/\/www.convittocampanella.edu.it\/wbs\/wp-content\/uploads\/2026\/04\/07f34061-9c64-479e-8cb9-2d6fb391344c-150x150.jpg\" class=\"attachment-thumbnail size-thumbnail\" alt=\"\" \/><\/a>\n\t\t\t<\/div><\/figure><figure class='gallery-item'>\n\t\t\t<div class='gallery-icon landscape'>\n\t\t\t\t<a class=\"th post-thumbnail zoom\" href='https:\/\/www.convittocampanella.edu.it\/wbs\/rivisitazione-artistica-del-logo-del-convitto-nazionale-di-stato-t-campanella-di-reggio-calabria-28-aprile-2026\/7f72a577-5b14-4379-b011-aefa297eb3b8-1\/'><img loading=\"lazy\" decoding=\"async\" width=\"150\" height=\"150\" src=\"https:\/\/www.convittocampanella.edu.it\/wbs\/wp-content\/uploads\/2026\/04\/7f72a577-5b14-4379-b011-aefa297eb3b8-1-150x150.jpg\" class=\"attachment-thumbnail size-thumbnail\" alt=\"\" \/><\/a>\n\t\t\t<\/div><\/figure><figure class='gallery-item'>\n\t\t\t<div class='gallery-icon portrait'>\n\t\t\t\t<a class=\"th post-thumbnail zoom\" href='https:\/\/www.convittocampanella.edu.it\/wbs\/rivisitazione-artistica-del-logo-del-convitto-nazionale-di-stato-t-campanella-di-reggio-calabria-28-aprile-2026\/61a5e767-6d53-4f2d-beb7-35c79b117509\/'><img loading=\"lazy\" decoding=\"async\" width=\"150\" height=\"150\" src=\"https:\/\/www.convittocampanella.edu.it\/wbs\/wp-content\/uploads\/2026\/04\/61a5e767-6d53-4f2d-beb7-35c79b117509-150x150.jpg\" class=\"attachment-thumbnail size-thumbnail\" alt=\"\" \/><\/a>\n\t\t\t<\/div><\/figure><figure class='gallery-item'>\n\t\t\t<div class='gallery-icon landscape'>\n\t\t\t\t<a class=\"th post-thumbnail zoom\" href='https:\/\/www.convittocampanella.edu.it\/wbs\/rivisitazione-artistica-del-logo-del-convitto-nazionale-di-stato-t-campanella-di-reggio-calabria-28-aprile-2026\/81db2999-4b9b-40e5-916d-4dd5769443f6\/'><img loading=\"lazy\" decoding=\"async\" width=\"150\" height=\"150\" src=\"https:\/\/www.convittocampanella.edu.it\/wbs\/wp-content\/uploads\/2026\/04\/81db2999-4b9b-40e5-916d-4dd5769443f6-150x150.jpg\" class=\"attachment-thumbnail size-thumbnail\" alt=\"\" \/><\/a>\n\t\t\t<\/div><\/figure><figure class='gallery-item'>\n\t\t\t<div class='gallery-icon landscape'>\n\t\t\t\t<a class=\"th post-thumbnail zoom\" href='https:\/\/www.convittocampanella.edu.it\/wbs\/rivisitazione-artistica-del-logo-del-convitto-nazionale-di-stato-t-campanella-di-reggio-calabria-28-aprile-2026\/97afee9c-6ac4-4c34-b82f-df2b546f7f63\/'><img loading=\"lazy\" decoding=\"async\" width=\"150\" height=\"150\" src=\"https:\/\/www.convittocampanella.edu.it\/wbs\/wp-content\/uploads\/2026\/04\/97afee9c-6ac4-4c34-b82f-df2b546f7f63-150x150.jpg\" class=\"attachment-thumbnail size-thumbnail\" alt=\"\" \/><\/a>\n\t\t\t<\/div><\/figure><figure class='gallery-item'>\n\t\t\t<div class='gallery-icon landscape'>\n\t\t\t\t<a class=\"th post-thumbnail zoom\" href='https:\/\/www.convittocampanella.edu.it\/wbs\/rivisitazione-artistica-del-logo-del-convitto-nazionale-di-stato-t-campanella-di-reggio-calabria-28-aprile-2026\/234b4f73-e431-439a-a4e0-2b395ed9cc85\/'><img loading=\"lazy\" decoding=\"async\" width=\"150\" height=\"150\" src=\"https:\/\/www.convittocampanella.edu.it\/wbs\/wp-content\/uploads\/2026\/04\/234b4f73-e431-439a-a4e0-2b395ed9cc85-150x150.jpg\" class=\"attachment-thumbnail size-thumbnail\" alt=\"\" \/><\/a>\n\t\t\t<\/div><\/figure><figure class='gallery-item'>\n\t\t\t<div class='gallery-icon landscape'>\n\t\t\t\t<a class=\"th post-thumbnail zoom\" href='https:\/\/www.convittocampanella.edu.it\/wbs\/rivisitazione-artistica-del-logo-del-convitto-nazionale-di-stato-t-campanella-di-reggio-calabria-28-aprile-2026\/bfdc00b0-51cb-4891-9b06-dbc89f032c2a\/'><img loading=\"lazy\" decoding=\"async\" width=\"150\" height=\"150\" src=\"https:\/\/www.convittocampanella.edu.it\/wbs\/wp-content\/uploads\/2026\/04\/bfdc00b0-51cb-4891-9b06-dbc89f032c2a-150x150.jpg\" class=\"attachment-thumbnail size-thumbnail\" alt=\"\" \/><\/a>\n\t\t\t<\/div><\/figure><figure class='gallery-item'>\n\t\t\t<div class='gallery-icon landscape'>\n\t\t\t\t<a class=\"th post-thumbnail zoom\" href='https:\/\/www.convittocampanella.edu.it\/wbs\/rivisitazione-artistica-del-logo-del-convitto-nazionale-di-stato-t-campanella-di-reggio-calabria-28-aprile-2026\/efebe1a1-f4ee-4cda-8f2d-7e2ab27aceef\/'><img loading=\"lazy\" decoding=\"async\" width=\"150\" height=\"150\" src=\"https:\/\/www.convittocampanella.edu.it\/wbs\/wp-content\/uploads\/2026\/04\/efebe1a1-f4ee-4cda-8f2d-7e2ab27aceef-150x150.jpg\" class=\"attachment-thumbnail size-thumbnail\" alt=\"\" \/><\/a>\n\t\t\t<\/div><\/figure>\n\t\t<\/div>\n\n","protected":false},"excerpt":{"rendered":"<p>L\u2019opera nasce dalla volont\u00e0 di omaggiare l\u2019identit\u00e0 istituzionale del Convitto Nazionale di Stato &#8220;T. Campanella&#8221;, punto di riferimento educativo e culturale della citt\u00e0 di Reggio Calabria. Il progetto \u00e8 stato interamente sviluppato durante le ore di Arte e Immagine, sotto le direttive e la supervisione del Prof. Francesco Luc\u00e0, vedendo il coinvolgimento attivo e coordinato &hellip;<\/p>\n","protected":false},"author":244,"featured_media":45864,"comment_status":"closed","ping_status":"closed","sticky":false,"template":"","format":"standard","meta":{"footnotes":""},"categories":[94],"tags":[],"class_list":["post-45861","post","type-post","status-publish","format-standard","has-post-thumbnail","hentry","category-attivita-ed-eventi"],"featured_image_src":"https:\/\/www.convittocampanella.edu.it\/wbs\/wp-content\/uploads\/2026\/04\/07f34061-9c64-479e-8cb9-2d6fb391344c.jpg","author_info":{"display_name":"Gestione Due","author_link":"https:\/\/www.convittocampanella.edu.it\/wbs"},"_links":{"self":[{"href":"https:\/\/www.convittocampanella.edu.it\/wbs\/wp-json\/wp\/v2\/posts\/45861","targetHints":{"allow":["GET"]}}],"collection":[{"href":"https:\/\/www.convittocampanella.edu.it\/wbs\/wp-json\/wp\/v2\/posts"}],"about":[{"href":"https:\/\/www.convittocampanella.edu.it\/wbs\/wp-json\/wp\/v2\/types\/post"}],"author":[{"embeddable":true,"href":"https:\/\/www.convittocampanella.edu.it\/wbs\/wp-json\/wp\/v2\/users\/244"}],"replies":[{"embeddable":true,"href":"https:\/\/www.convittocampanella.edu.it\/wbs\/wp-json\/wp\/v2\/comments?post=45861"}],"version-history":[{"count":1,"href":"https:\/\/www.convittocampanella.edu.it\/wbs\/wp-json\/wp\/v2\/posts\/45861\/revisions"}],"predecessor-version":[{"id":45872,"href":"https:\/\/www.convittocampanella.edu.it\/wbs\/wp-json\/wp\/v2\/posts\/45861\/revisions\/45872"}],"wp:featuredmedia":[{"embeddable":true,"href":"https:\/\/www.convittocampanella.edu.it\/wbs\/wp-json\/wp\/v2\/media\/45864"}],"wp:attachment":[{"href":"https:\/\/www.convittocampanella.edu.it\/wbs\/wp-json\/wp\/v2\/media?parent=45861"}],"wp:term":[{"taxonomy":"category","embeddable":true,"href":"https:\/\/www.convittocampanella.edu.it\/wbs\/wp-json\/wp\/v2\/categories?post=45861"},{"taxonomy":"post_tag","embeddable":true,"href":"https:\/\/www.convittocampanella.edu.it\/wbs\/wp-json\/wp\/v2\/tags?post=45861"}],"curies":[{"name":"wp","href":"https:\/\/api.w.org\/{rel}","templated":true}]}}