{"id":45818,"date":"2026-04-22T19:32:36","date_gmt":"2026-04-22T17:32:36","guid":{"rendered":"https:\/\/www.convittocampanella.edu.it\/wbs\/?p=45818"},"modified":"2026-04-22T19:32:36","modified_gmt":"2026-04-22T17:32:36","slug":"scuola-secondaria-di-ii-grado-videoconferenza-con-gino-cecchettin-22-aprile-2026","status":"publish","type":"post","link":"https:\/\/www.convittocampanella.edu.it\/wbs\/scuola-secondaria-di-ii-grado-videoconferenza-con-gino-cecchettin-22-aprile-2026\/","title":{"rendered":"Scuola secondaria di II grado &#8211; Videoconferenza con Gino Cecchettin &#8211; 22 aprile 2026"},"content":{"rendered":"<p style=\"text-align: justify;\">Il\u00a0 <strong>22 Aprile 2026<\/strong> rester\u00e0 una data da scolpire nella memoria del Convitto Nazionale di Stato \u201cTommaso Campanella\u201d, che ha avuto l\u2019onore, in data odierna, di ospitare (in videoconferenza, su proposta della prof.ssa Manuela Crimi, e con il fondamentale supporto della Dirigente scolastica, Dott.ssa Francesca Arena), \u00a0una delle\u00a0 voci pi\u00f9 significative e coraggiose del dibattito civile italiano:\u00a0<strong>Gino Cecchettin<\/strong>, padre di Giulia e ideatore della Fondazione che \u201cporta\u201d il\u00a0 nome della ragazza, vittima di femminicidio. Dopo la tragica perdita della figlia, Gino Cecchettin ha scelto di trasformare il dolore in impegno pubblico, sensibilizzando la societ\u00e0 sul tema della violenza di genere e promuovendo un cambiamento culturale, a partire dalle nuove generazioni.<\/p>\n<p style=\"text-align: justify;\">Nel corso dell\u2019incontro, destinato alle classi del triennio del Liceo Classico, di ordinamento ed europeo, Cecchettin ha accompagnato docenti e studenti\u00a0 verso una riflessione su come prevenire la violenza attraverso il rispetto, sottolineando l\u2019urgenza di introdurre l\u2019educazione all\u2019affettivit\u00e0 nelle scuole, \u00a0la responsabilit\u00e0 degli uomini nel cambiamento culturale, gli strumenti per riconoscere e contrastare le micro-violenze quotidiane, anche verbali.<\/p>\n<p style=\"text-align: justify;\">Le parole di Cecchettin sono \u201crisuonate\u201d profondamente tra gli studenti del Convitto, che hanno partecipato con interesse e coinvolgimento, ponendo domande e riflettendo sull\u2019importanza della parit\u00e0 di genere.<\/p>\n<p style=\"text-align: justify;\">Il confronto si \u00e8 rivelato umanamente molto costruttivo, con la possibilit\u00e0, per gli studenti del Convitto, di cogliere il vero significato della felicit\u00e0 e di ricordare che \u201c <strong>chi ama non ferisce, protegge<\/strong>\u201d.<\/p>\n<div id='gallery-1' class='gallery galleryid-45818 gallery-columns-3 gallery-size-thumbnail'><figure class='gallery-item'>\n\t\t\t<div class='gallery-icon portrait'>\n\t\t\t\t<a class=\"th post-thumbnail zoom\" href='https:\/\/www.convittocampanella.edu.it\/wbs\/scuola-secondaria-di-ii-grado-videoconferenza-con-gino-cecchettin-22-aprile-2026\/whatsapp-image-2026-04-22-at-10-19-08-1\/'><img loading=\"lazy\" decoding=\"async\" width=\"150\" height=\"150\" src=\"https:\/\/www.convittocampanella.edu.it\/wbs\/wp-content\/uploads\/2026\/04\/WhatsApp-Image-2026-04-22-at-10.19.08-1-150x150.jpeg\" class=\"attachment-thumbnail size-thumbnail\" alt=\"Videconfernza con Gino Cecchettin\" \/><\/a>\n\t\t\t<\/div><\/figure><figure class='gallery-item'>\n\t\t\t<div class='gallery-icon portrait'>\n\t\t\t\t<a class=\"th post-thumbnail zoom\" href='https:\/\/www.convittocampanella.edu.it\/wbs\/scuola-secondaria-di-ii-grado-videoconferenza-con-gino-cecchettin-22-aprile-2026\/whatsapp-image-2026-04-22-at-10-19-08-2\/'><img loading=\"lazy\" decoding=\"async\" width=\"150\" height=\"150\" src=\"https:\/\/www.convittocampanella.edu.it\/wbs\/wp-content\/uploads\/2026\/04\/WhatsApp-Image-2026-04-22-at-10.19.08-2-150x150.jpeg\" class=\"attachment-thumbnail size-thumbnail\" alt=\"\" \/><\/a>\n\t\t\t<\/div><\/figure><figure class='gallery-item'>\n\t\t\t<div class='gallery-icon portrait'>\n\t\t\t\t<a class=\"th post-thumbnail zoom\" href='https:\/\/www.convittocampanella.edu.it\/wbs\/scuola-secondaria-di-ii-grado-videoconferenza-con-gino-cecchettin-22-aprile-2026\/whatsapp-image-2026-04-22-at-10-19-08-3\/'><img loading=\"lazy\" decoding=\"async\" width=\"150\" height=\"150\" src=\"https:\/\/www.convittocampanella.edu.it\/wbs\/wp-content\/uploads\/2026\/04\/WhatsApp-Image-2026-04-22-at-10.19.08-3-150x150.jpeg\" class=\"attachment-thumbnail size-thumbnail\" alt=\"\" \/><\/a>\n\t\t\t<\/div><\/figure><figure class='gallery-item'>\n\t\t\t<div class='gallery-icon portrait'>\n\t\t\t\t<a class=\"th post-thumbnail zoom\" href='https:\/\/www.convittocampanella.edu.it\/wbs\/scuola-secondaria-di-ii-grado-videoconferenza-con-gino-cecchettin-22-aprile-2026\/whatsapp-image-2026-04-22-at-10-19-08-4\/'><img loading=\"lazy\" decoding=\"async\" width=\"150\" height=\"150\" src=\"https:\/\/www.convittocampanella.edu.it\/wbs\/wp-content\/uploads\/2026\/04\/WhatsApp-Image-2026-04-22-at-10.19.08-4-150x150.jpeg\" class=\"attachment-thumbnail size-thumbnail\" alt=\"\" \/><\/a>\n\t\t\t<\/div><\/figure><figure class='gallery-item'>\n\t\t\t<div class='gallery-icon portrait'>\n\t\t\t\t<a class=\"th post-thumbnail zoom\" href='https:\/\/www.convittocampanella.edu.it\/wbs\/scuola-secondaria-di-ii-grado-videoconferenza-con-gino-cecchettin-22-aprile-2026\/whatsapp-image-2026-04-22-at-10-19-08-5\/'><img loading=\"lazy\" decoding=\"async\" width=\"150\" height=\"150\" src=\"https:\/\/www.convittocampanella.edu.it\/wbs\/wp-content\/uploads\/2026\/04\/WhatsApp-Image-2026-04-22-at-10.19.08-5-150x150.jpeg\" class=\"attachment-thumbnail size-thumbnail\" alt=\"\" \/><\/a>\n\t\t\t<\/div><\/figure><figure class='gallery-item'>\n\t\t\t<div class='gallery-icon portrait'>\n\t\t\t\t<a class=\"th post-thumbnail zoom\" href='https:\/\/www.convittocampanella.edu.it\/wbs\/scuola-secondaria-di-ii-grado-videoconferenza-con-gino-cecchettin-22-aprile-2026\/whatsapp-image-2026-04-22-at-10-19-08-6\/'><img loading=\"lazy\" decoding=\"async\" width=\"150\" height=\"150\" src=\"https:\/\/www.convittocampanella.edu.it\/wbs\/wp-content\/uploads\/2026\/04\/WhatsApp-Image-2026-04-22-at-10.19.08-6-150x150.jpeg\" class=\"attachment-thumbnail size-thumbnail\" alt=\"\" \/><\/a>\n\t\t\t<\/div><\/figure><figure class='gallery-item'>\n\t\t\t<div class='gallery-icon portrait'>\n\t\t\t\t<a class=\"th post-thumbnail zoom\" href='https:\/\/www.convittocampanella.edu.it\/wbs\/scuola-secondaria-di-ii-grado-videoconferenza-con-gino-cecchettin-22-aprile-2026\/whatsapp-image-2026-04-22-at-10-19-08-7\/'><img loading=\"lazy\" decoding=\"async\" width=\"150\" height=\"150\" src=\"https:\/\/www.convittocampanella.edu.it\/wbs\/wp-content\/uploads\/2026\/04\/WhatsApp-Image-2026-04-22-at-10.19.08-7-150x150.jpeg\" class=\"attachment-thumbnail size-thumbnail\" alt=\"\" \/><\/a>\n\t\t\t<\/div><\/figure><figure class='gallery-item'>\n\t\t\t<div class='gallery-icon landscape'>\n\t\t\t\t<a class=\"th post-thumbnail zoom\" href='https:\/\/www.convittocampanella.edu.it\/wbs\/scuola-secondaria-di-ii-grado-videoconferenza-con-gino-cecchettin-22-aprile-2026\/whatsapp-image-2026-04-22-at-10-19-08-8\/'><img loading=\"lazy\" decoding=\"async\" width=\"150\" height=\"150\" src=\"https:\/\/www.convittocampanella.edu.it\/wbs\/wp-content\/uploads\/2026\/04\/WhatsApp-Image-2026-04-22-at-10.19.08-8-150x150.jpeg\" class=\"attachment-thumbnail size-thumbnail\" alt=\"\" \/><\/a>\n\t\t\t<\/div><\/figure><figure class='gallery-item'>\n\t\t\t<div class='gallery-icon landscape'>\n\t\t\t\t<a class=\"th post-thumbnail zoom\" href='https:\/\/www.convittocampanella.edu.it\/wbs\/scuola-secondaria-di-ii-grado-videoconferenza-con-gino-cecchettin-22-aprile-2026\/whatsapp-image-2026-04-22-at-10-19-08\/'><img loading=\"lazy\" decoding=\"async\" width=\"150\" height=\"150\" src=\"https:\/\/www.convittocampanella.edu.it\/wbs\/wp-content\/uploads\/2026\/04\/WhatsApp-Image-2026-04-22-at-10.19.08-150x150.jpeg\" class=\"attachment-thumbnail size-thumbnail\" alt=\"\" \/><\/a>\n\t\t\t<\/div><\/figure>\n\t\t<\/div>\n\n","protected":false},"excerpt":{"rendered":"<p>Il\u00a0 22 Aprile 2026 rester\u00e0 una data da scolpire nella memoria del Convitto Nazionale di Stato \u201cTommaso Campanella\u201d, che ha avuto l\u2019onore, in data odierna, di ospitare (in videoconferenza, su proposta della prof.ssa Manuela Crimi, e con il fondamentale supporto della Dirigente scolastica, Dott.ssa Francesca Arena), \u00a0una delle\u00a0 voci pi\u00f9 significative e coraggiose del dibattito &hellip;<\/p>\n","protected":false},"author":244,"featured_media":45826,"comment_status":"closed","ping_status":"closed","sticky":false,"template":"","format":"standard","meta":{"footnotes":""},"categories":[94],"tags":[],"class_list":["post-45818","post","type-post","status-publish","format-standard","has-post-thumbnail","hentry","category-attivita-ed-eventi"],"featured_image_src":"https:\/\/www.convittocampanella.edu.it\/wbs\/wp-content\/uploads\/2026\/04\/WhatsApp-Image-2026-04-22-at-10.19.08-8.jpeg","author_info":{"display_name":"Gestione Due","author_link":"https:\/\/www.convittocampanella.edu.it\/wbs"},"_links":{"self":[{"href":"https:\/\/www.convittocampanella.edu.it\/wbs\/wp-json\/wp\/v2\/posts\/45818","targetHints":{"allow":["GET"]}}],"collection":[{"href":"https:\/\/www.convittocampanella.edu.it\/wbs\/wp-json\/wp\/v2\/posts"}],"about":[{"href":"https:\/\/www.convittocampanella.edu.it\/wbs\/wp-json\/wp\/v2\/types\/post"}],"author":[{"embeddable":true,"href":"https:\/\/www.convittocampanella.edu.it\/wbs\/wp-json\/wp\/v2\/users\/244"}],"replies":[{"embeddable":true,"href":"https:\/\/www.convittocampanella.edu.it\/wbs\/wp-json\/wp\/v2\/comments?post=45818"}],"version-history":[{"count":1,"href":"https:\/\/www.convittocampanella.edu.it\/wbs\/wp-json\/wp\/v2\/posts\/45818\/revisions"}],"predecessor-version":[{"id":45828,"href":"https:\/\/www.convittocampanella.edu.it\/wbs\/wp-json\/wp\/v2\/posts\/45818\/revisions\/45828"}],"wp:featuredmedia":[{"embeddable":true,"href":"https:\/\/www.convittocampanella.edu.it\/wbs\/wp-json\/wp\/v2\/media\/45826"}],"wp:attachment":[{"href":"https:\/\/www.convittocampanella.edu.it\/wbs\/wp-json\/wp\/v2\/media?parent=45818"}],"wp:term":[{"taxonomy":"category","embeddable":true,"href":"https:\/\/www.convittocampanella.edu.it\/wbs\/wp-json\/wp\/v2\/categories?post=45818"},{"taxonomy":"post_tag","embeddable":true,"href":"https:\/\/www.convittocampanella.edu.it\/wbs\/wp-json\/wp\/v2\/tags?post=45818"}],"curies":[{"name":"wp","href":"https:\/\/api.w.org\/{rel}","templated":true}]}}