{"id":45805,"date":"2026-04-22T10:25:50","date_gmt":"2026-04-22T08:25:50","guid":{"rendered":"https:\/\/www.convittocampanella.edu.it\/wbs\/?p=45805"},"modified":"2026-04-22T10:25:50","modified_gmt":"2026-04-22T08:25:50","slug":"la-classe-iv-sez-a-del-liceo-classico-del-convitto-t-campanella-trionfa-al-premio-alvaro-un-riconoscimento-che-parla-di-cultura-impegno-e-bellezza-21-aprile-2026","status":"publish","type":"post","link":"https:\/\/www.convittocampanella.edu.it\/wbs\/la-classe-iv-sez-a-del-liceo-classico-del-convitto-t-campanella-trionfa-al-premio-alvaro-un-riconoscimento-che-parla-di-cultura-impegno-e-bellezza-21-aprile-2026\/","title":{"rendered":"La classe IV sez. A del Liceo classico del Convitto &#8220;T. Campanella&#8221; trionfa al premio Alvaro &#8211; Un riconoscimento che parla di cultura, impegno e bellezza &#8211; 21 aprile 2026"},"content":{"rendered":"<p style=\"text-align: justify;\">Nel cuore delle celebrazioni dedicate al settantesimo anniversario della scomparsa di Corrado Alvaro, la comunit\u00e0 scolastica del Convitto \u201cTommaso Campanella\u201d ha vissuto una giornata di autentica emozione e di profonda partecipazione culturale. All\u2019interno delle iniziative promosse dall\u2019associazione A.I.Par.C. Reggio Calabria, guidata dal presidente, dott. Salvatore Timpano, il Premio Alvaro si \u00e8 confermato un luogo privilegiato in cui memoria, ricerca e creativit\u00e0 dialogano con le nuove generazioni.<\/p>\n<p style=\"text-align: justify;\">Con grande soddisfazione annunciamo che la classe IV A del Liceo Classico Cambridge ha ottenuto il Primo Premio nella categoria Video con il lavoro <em>\u201cMedea e Giasone: il processo dei secoli \u2013 La giustizia del mito dalla Medea di Euripide alla notte di Alvaro\u201d<\/em>.<\/p>\n<p style=\"text-align: justify;\">La giuria, composta, tra gli altri, dal preside Cernuto e dal prof. Aldo Maria Morace, ha cos\u00ec motivato il riconoscimento:<br \/>\n\u201cUna splendida rappresentazione che sviluppa i temi messi in scena con penetrante capacit\u00e0.\u201d<\/p>\n<p style=\"text-align: justify;\">Un premio che non celebra soltanto la qualit\u00e0 artistica del prodotto, ma soprattutto la profondit\u00e0 dell\u2019indagine condotta dagli studenti: un percorso critico che ha saputo mettere in dialogo la tragedia euripidea e la riscrittura alvariana, interrogando il mito come luogo di giustizia, conflitto e responsabilit\u00e0.<br \/>\nIl loro lavoro ha attraversato secoli di letteratura per restituire un confronto vivo, attuale, capace di illuminare la complessit\u00e0 dell\u2019umano attraverso linguaggi diversi ma ugualmente potenti.<\/p>\n<p style=\"text-align: justify;\">In questo anniversario cos\u00ec significativo, il Premio Alvaro riafferma il suo enorme valore culturale: custodire la memoria di un autore fondamentale e, al tempo stesso, stimolare nei giovani la capacit\u00e0 di leggere il presente attraverso la lente dei classici. \u00c8 questo lo spirito pi\u00f9 autentico della <em>Primavera della Bellezza<\/em>: far germogliare pensiero critico, consapevolezza e creativit\u00e0.<\/p>\n<p style=\"text-align: justify;\">La Dirigente scolastica, dott.ssa Francesca Arena, esprime profonda soddisfazione per il risultato raggiunto, sottolineando come \u201cquesto lavoro rappresenti un esempio luminoso di scuola che ricerca, che interpreta, che forma cittadini capaci di pensare e di creare\u201d.<\/p>\n<p style=\"text-align: justify;\">Un plauso ai nostri studenti, ai docenti che li hanno accompagnati e a tutti coloro che credono che la cultura sia un ponte che unisce generazioni, storie e visioni.<\/p>\n<div id='gallery-1' class='gallery galleryid-45805 gallery-columns-3 gallery-size-thumbnail'><figure class='gallery-item'>\n\t\t\t<div class='gallery-icon landscape'>\n\t\t\t\t<a class=\"th post-thumbnail zoom\" href='https:\/\/www.convittocampanella.edu.it\/wbs\/la-classe-iv-sez-a-del-liceo-classico-del-convitto-t-campanella-trionfa-al-premio-alvaro-un-riconoscimento-che-parla-di-cultura-impegno-e-bellezza-21-aprile-2026\/whatsapp-image-2026-04-20-at-16-44-07\/'><img loading=\"lazy\" decoding=\"async\" width=\"150\" height=\"150\" src=\"https:\/\/www.convittocampanella.edu.it\/wbs\/wp-content\/uploads\/2026\/04\/WhatsApp-Image-2026-04-20-at-16.44.07-150x150.jpeg\" class=\"attachment-thumbnail size-thumbnail\" alt=\"\" \/><\/a>\n\t\t\t<\/div><\/figure><figure class='gallery-item'>\n\t\t\t<div class='gallery-icon portrait'>\n\t\t\t\t<a class=\"th post-thumbnail zoom\" href='https:\/\/www.convittocampanella.edu.it\/wbs\/la-classe-iv-sez-a-del-liceo-classico-del-convitto-t-campanella-trionfa-al-premio-alvaro-un-riconoscimento-che-parla-di-cultura-impegno-e-bellezza-21-aprile-2026\/whatsapp-image-2026-04-20-at-16-39-36\/'><img loading=\"lazy\" decoding=\"async\" width=\"150\" height=\"150\" src=\"https:\/\/www.convittocampanella.edu.it\/wbs\/wp-content\/uploads\/2026\/04\/WhatsApp-Image-2026-04-20-at-16.39.36-150x150.jpeg\" class=\"attachment-thumbnail size-thumbnail\" alt=\"\" \/><\/a>\n\t\t\t<\/div><\/figure><figure class='gallery-item'>\n\t\t\t<div class='gallery-icon landscape'>\n\t\t\t\t<a class=\"th post-thumbnail zoom\" href='https:\/\/www.convittocampanella.edu.it\/wbs\/la-classe-iv-sez-a-del-liceo-classico-del-convitto-t-campanella-trionfa-al-premio-alvaro-un-riconoscimento-che-parla-di-cultura-impegno-e-bellezza-21-aprile-2026\/whatsapp-image-2026-04-20-at-16-38-45\/'><img loading=\"lazy\" decoding=\"async\" width=\"150\" height=\"150\" src=\"https:\/\/www.convittocampanella.edu.it\/wbs\/wp-content\/uploads\/2026\/04\/WhatsApp-Image-2026-04-20-at-16.38.45-150x150.jpeg\" class=\"attachment-thumbnail size-thumbnail\" alt=\"\" \/><\/a>\n\t\t\t<\/div><\/figure>\n\t\t<\/div>\n\n","protected":false},"excerpt":{"rendered":"<p>Nel cuore delle celebrazioni dedicate al settantesimo anniversario della scomparsa di Corrado Alvaro, la comunit\u00e0 scolastica del Convitto \u201cTommaso Campanella\u201d ha vissuto una giornata di autentica emozione e di profonda partecipazione culturale. All\u2019interno delle iniziative promosse dall\u2019associazione A.I.Par.C. Reggio Calabria, guidata dal presidente, dott. Salvatore Timpano, il Premio Alvaro si \u00e8 confermato un luogo privilegiato &hellip;<\/p>\n","protected":false},"author":244,"featured_media":45806,"comment_status":"closed","ping_status":"closed","sticky":false,"template":"","format":"standard","meta":{"footnotes":""},"categories":[94],"tags":[],"class_list":["post-45805","post","type-post","status-publish","format-standard","has-post-thumbnail","hentry","category-attivita-ed-eventi"],"featured_image_src":"https:\/\/www.convittocampanella.edu.it\/wbs\/wp-content\/uploads\/2026\/04\/WhatsApp-Image-2026-04-20-at-16.38.45.jpeg","author_info":{"display_name":"Gestione Due","author_link":"https:\/\/www.convittocampanella.edu.it\/wbs"},"_links":{"self":[{"href":"https:\/\/www.convittocampanella.edu.it\/wbs\/wp-json\/wp\/v2\/posts\/45805","targetHints":{"allow":["GET"]}}],"collection":[{"href":"https:\/\/www.convittocampanella.edu.it\/wbs\/wp-json\/wp\/v2\/posts"}],"about":[{"href":"https:\/\/www.convittocampanella.edu.it\/wbs\/wp-json\/wp\/v2\/types\/post"}],"author":[{"embeddable":true,"href":"https:\/\/www.convittocampanella.edu.it\/wbs\/wp-json\/wp\/v2\/users\/244"}],"replies":[{"embeddable":true,"href":"https:\/\/www.convittocampanella.edu.it\/wbs\/wp-json\/wp\/v2\/comments?post=45805"}],"version-history":[{"count":1,"href":"https:\/\/www.convittocampanella.edu.it\/wbs\/wp-json\/wp\/v2\/posts\/45805\/revisions"}],"predecessor-version":[{"id":45809,"href":"https:\/\/www.convittocampanella.edu.it\/wbs\/wp-json\/wp\/v2\/posts\/45805\/revisions\/45809"}],"wp:featuredmedia":[{"embeddable":true,"href":"https:\/\/www.convittocampanella.edu.it\/wbs\/wp-json\/wp\/v2\/media\/45806"}],"wp:attachment":[{"href":"https:\/\/www.convittocampanella.edu.it\/wbs\/wp-json\/wp\/v2\/media?parent=45805"}],"wp:term":[{"taxonomy":"category","embeddable":true,"href":"https:\/\/www.convittocampanella.edu.it\/wbs\/wp-json\/wp\/v2\/categories?post=45805"},{"taxonomy":"post_tag","embeddable":true,"href":"https:\/\/www.convittocampanella.edu.it\/wbs\/wp-json\/wp\/v2\/tags?post=45805"}],"curies":[{"name":"wp","href":"https:\/\/api.w.org\/{rel}","templated":true}]}}