{"id":45794,"date":"2026-04-22T10:22:27","date_gmt":"2026-04-22T08:22:27","guid":{"rendered":"https:\/\/www.convittocampanella.edu.it\/wbs\/?p=45794"},"modified":"2026-04-22T10:22:27","modified_gmt":"2026-04-22T08:22:27","slug":"dalle-aule-al-laboratorio-un-viaggio-immersivo-nel-cuore-della-medicina-classi-terze-scuola-secondaria-di-i-grado-20-aprile-2026","status":"publish","type":"post","link":"https:\/\/www.convittocampanella.edu.it\/wbs\/dalle-aule-al-laboratorio-un-viaggio-immersivo-nel-cuore-della-medicina-classi-terze-scuola-secondaria-di-i-grado-20-aprile-2026\/","title":{"rendered":"Dalle aule al laboratorio, un \u201cviaggio\u201d immersivo nel cuore della medicina &#8211; classi terze scuola secondaria di I grado &#8211; 20 aprile 2026"},"content":{"rendered":"<p style=\"text-align: justify;\">Dalla teoria alla pratica, dai libri di testo ai microscopi, \u00e8 stato un vero e proprio viaggio nel mondo della medicina quello vissuto dagli alunni delle classi terze, protagonisti di una coinvolgente visita presso l\u2019Istituto clinico \u201cDe Blasi\u201d di Reggio Calabria.<\/p>\n<p style=\"text-align: justify;\">L\u2019iniziativa, promossa nell\u2019ambito delle discipline STEM e coordinata dalla Prof.ssa Domenica Stillitano con la collaborazione della Prof.ssa Lucia Noto, nasce con l\u2019obiettivo di costruire un ponte concreto tra le conoscenze teoriche studiate in classe e le loro applicazioni pratiche, offrendo un\u2019esperienza di apprendimento pi\u00f9 coinvolgente e vicina alla realt\u00e0.<\/p>\n<p style=\"text-align: justify;\">Curiosit\u00e0, entusiasmo e voglia di scoprire hanno accompagnato gli alunni lungo un cammino ricco di stimoli, pensato per avvicinarli concretamente alla chimica clinica e alla diagnostica di laboratorio.<\/p>\n<p style=\"text-align: justify;\">Accolti dal personale specializzato hanno preso parte a un momento introduttivo durante il quale sono state illustrate le diverse fasi del lavoro, dall\u2019accettazione del paziente fino alla consegna del referto, passando attraverso le svariate procedure di analisi.<\/p>\n<p style=\"text-align: justify;\">Il percorso \u00e8 poi proseguito nei laboratori, trasformandosi in concreta attivit\u00e0 di scoperta. Nel settore di chimica clinica \u00e8 stata seguita la procedura per l\u2019esecuzione di un emocromo su campione reale e l\u2019analisi al microscopio di uno striscio di sangue su vetrino, per lo studio delle cellule ematiche, in particolare globuli rossi, globuli bianchi e piastrine.<\/p>\n<p style=\"text-align: justify;\">Nel laboratorio di microbiologia si \u00e8 proceduto alla preparazione di colture batteriche, alla colorazione di Gram e all\u2019analisi di vari microrganismi, tra cui la Candida, esaminato inoltre un antibiogramma ed il ruolo nella scelta della terapia antibiotica. Di grande interesse anche la sezione di biologia molecolare con lo studio del DNA e delle sue mutazioni, approfondendo in particolare la fibrosi cistica, le microdelezioni del cromosoma Y e l\u2019identificazione di patogeni virali. Come ultima tappa, il laboratorio di genetica per l\u2019osservazione e la costruzione del cariotipo, lo studio del processo di mitosi e alcune anomalie cromosomiche, tra cui la sindrome di Down ed il confronto tra diversi assetti cromosomici.<\/p>\n<p style=\"text-align: justify;\">Un\u2019esperienza formativa unica nel suo genere, che rappresenta il coronamento di un percorso di studi e che ha permesso agli alunni di \u201ctoccare con mano\u201d il mondo della ricerca scientifica rendendo concreta e viva la conoscenza acquisita in aula.<\/p>\n<p style=\"text-align: justify;\">Un ringraziamento speciale alla Dirigente Scolastica Dott.ssa Francesca Arena e al Direttore sanitario <em>Dr. Eduardo Lamberti-Castronuovo<\/em>, che hanno sostenuto il progetto, e a tutto il personale dell\u2019Istituto clinico \u201cDe Blasi\u201d per l\u2019accoglienza, la disponibilit\u00e0 e la professionalit\u00e0 dimostrate.<\/p>\n<div id='gallery-1' class='gallery galleryid-45794 gallery-columns-3 gallery-size-thumbnail'><figure class='gallery-item'>\n\t\t\t<div class='gallery-icon portrait'>\n\t\t\t\t<a class=\"th post-thumbnail zoom\" href='https:\/\/www.convittocampanella.edu.it\/wbs\/dalle-aule-al-laboratorio-un-viaggio-immersivo-nel-cuore-della-medicina-classi-terze-scuola-secondaria-di-i-grado-20-aprile-2026\/whatsapp-image-2026-04-21-at-08-54-29-1\/'><img loading=\"lazy\" decoding=\"async\" width=\"150\" height=\"150\" src=\"https:\/\/www.convittocampanella.edu.it\/wbs\/wp-content\/uploads\/2026\/04\/WhatsApp-Image-2026-04-21-at-08.54.29-1-150x150.jpeg\" class=\"attachment-thumbnail size-thumbnail\" alt=\"\" \/><\/a>\n\t\t\t<\/div><\/figure><figure class='gallery-item'>\n\t\t\t<div class='gallery-icon landscape'>\n\t\t\t\t<a class=\"th post-thumbnail zoom\" href='https:\/\/www.convittocampanella.edu.it\/wbs\/dalle-aule-al-laboratorio-un-viaggio-immersivo-nel-cuore-della-medicina-classi-terze-scuola-secondaria-di-i-grado-20-aprile-2026\/whatsapp-image-2026-04-21-at-08-54-29-2\/'><img loading=\"lazy\" decoding=\"async\" width=\"150\" height=\"150\" src=\"https:\/\/www.convittocampanella.edu.it\/wbs\/wp-content\/uploads\/2026\/04\/WhatsApp-Image-2026-04-21-at-08.54.29-2-150x150.jpeg\" class=\"attachment-thumbnail size-thumbnail\" alt=\"\" \/><\/a>\n\t\t\t<\/div><\/figure><figure class='gallery-item'>\n\t\t\t<div class='gallery-icon portrait'>\n\t\t\t\t<a class=\"th post-thumbnail zoom\" href='https:\/\/www.convittocampanella.edu.it\/wbs\/dalle-aule-al-laboratorio-un-viaggio-immersivo-nel-cuore-della-medicina-classi-terze-scuola-secondaria-di-i-grado-20-aprile-2026\/whatsapp-image-2026-04-21-at-08-54-29-3\/'><img loading=\"lazy\" decoding=\"async\" width=\"150\" height=\"150\" src=\"https:\/\/www.convittocampanella.edu.it\/wbs\/wp-content\/uploads\/2026\/04\/WhatsApp-Image-2026-04-21-at-08.54.29-3-150x150.jpeg\" class=\"attachment-thumbnail size-thumbnail\" alt=\"\" \/><\/a>\n\t\t\t<\/div><\/figure><figure class='gallery-item'>\n\t\t\t<div class='gallery-icon landscape'>\n\t\t\t\t<a class=\"th post-thumbnail zoom\" href='https:\/\/www.convittocampanella.edu.it\/wbs\/dalle-aule-al-laboratorio-un-viaggio-immersivo-nel-cuore-della-medicina-classi-terze-scuola-secondaria-di-i-grado-20-aprile-2026\/whatsapp-image-2026-04-21-at-08-54-29-4\/'><img loading=\"lazy\" decoding=\"async\" width=\"150\" height=\"150\" src=\"https:\/\/www.convittocampanella.edu.it\/wbs\/wp-content\/uploads\/2026\/04\/WhatsApp-Image-2026-04-21-at-08.54.29-4-150x150.jpeg\" class=\"attachment-thumbnail size-thumbnail\" alt=\"\" \/><\/a>\n\t\t\t<\/div><\/figure><figure class='gallery-item'>\n\t\t\t<div class='gallery-icon portrait'>\n\t\t\t\t<a class=\"th post-thumbnail zoom\" href='https:\/\/www.convittocampanella.edu.it\/wbs\/dalle-aule-al-laboratorio-un-viaggio-immersivo-nel-cuore-della-medicina-classi-terze-scuola-secondaria-di-i-grado-20-aprile-2026\/whatsapp-image-2026-04-21-at-08-54-29\/'><img loading=\"lazy\" decoding=\"async\" width=\"150\" height=\"150\" src=\"https:\/\/www.convittocampanella.edu.it\/wbs\/wp-content\/uploads\/2026\/04\/WhatsApp-Image-2026-04-21-at-08.54.29-150x150.jpeg\" class=\"attachment-thumbnail size-thumbnail\" alt=\"\" \/><\/a>\n\t\t\t<\/div><\/figure><figure class='gallery-item'>\n\t\t\t<div class='gallery-icon portrait'>\n\t\t\t\t<a class=\"th post-thumbnail zoom\" href='https:\/\/www.convittocampanella.edu.it\/wbs\/dalle-aule-al-laboratorio-un-viaggio-immersivo-nel-cuore-della-medicina-classi-terze-scuola-secondaria-di-i-grado-20-aprile-2026\/whatsapp-image-2026-04-21-at-08-54-30-1\/'><img loading=\"lazy\" decoding=\"async\" width=\"150\" height=\"150\" src=\"https:\/\/www.convittocampanella.edu.it\/wbs\/wp-content\/uploads\/2026\/04\/WhatsApp-Image-2026-04-21-at-08.54.30-1-150x150.jpeg\" class=\"attachment-thumbnail size-thumbnail\" alt=\"\" \/><\/a>\n\t\t\t<\/div><\/figure><figure class='gallery-item'>\n\t\t\t<div class='gallery-icon portrait'>\n\t\t\t\t<a class=\"th post-thumbnail zoom\" href='https:\/\/www.convittocampanella.edu.it\/wbs\/dalle-aule-al-laboratorio-un-viaggio-immersivo-nel-cuore-della-medicina-classi-terze-scuola-secondaria-di-i-grado-20-aprile-2026\/whatsapp-image-2026-04-21-at-08-54-30-2\/'><img loading=\"lazy\" decoding=\"async\" width=\"150\" height=\"150\" src=\"https:\/\/www.convittocampanella.edu.it\/wbs\/wp-content\/uploads\/2026\/04\/WhatsApp-Image-2026-04-21-at-08.54.30-2-150x150.jpeg\" class=\"attachment-thumbnail size-thumbnail\" alt=\"\" \/><\/a>\n\t\t\t<\/div><\/figure><figure class='gallery-item'>\n\t\t\t<div class='gallery-icon landscape'>\n\t\t\t\t<a class=\"th post-thumbnail zoom\" href='https:\/\/www.convittocampanella.edu.it\/wbs\/dalle-aule-al-laboratorio-un-viaggio-immersivo-nel-cuore-della-medicina-classi-terze-scuola-secondaria-di-i-grado-20-aprile-2026\/whatsapp-image-2026-04-21-at-08-54-30-3\/'><img loading=\"lazy\" decoding=\"async\" width=\"150\" height=\"150\" src=\"https:\/\/www.convittocampanella.edu.it\/wbs\/wp-content\/uploads\/2026\/04\/WhatsApp-Image-2026-04-21-at-08.54.30-3-150x150.jpeg\" class=\"attachment-thumbnail size-thumbnail\" alt=\"\" \/><\/a>\n\t\t\t<\/div><\/figure><figure class='gallery-item'>\n\t\t\t<div class='gallery-icon portrait'>\n\t\t\t\t<a class=\"th post-thumbnail zoom\" href='https:\/\/www.convittocampanella.edu.it\/wbs\/dalle-aule-al-laboratorio-un-viaggio-immersivo-nel-cuore-della-medicina-classi-terze-scuola-secondaria-di-i-grado-20-aprile-2026\/whatsapp-image-2026-04-21-at-08-54-30\/'><img loading=\"lazy\" decoding=\"async\" width=\"150\" height=\"150\" src=\"https:\/\/www.convittocampanella.edu.it\/wbs\/wp-content\/uploads\/2026\/04\/WhatsApp-Image-2026-04-21-at-08.54.30-150x150.jpeg\" class=\"attachment-thumbnail size-thumbnail\" alt=\"\" \/><\/a>\n\t\t\t<\/div><\/figure>\n\t\t<\/div>\n\n","protected":false},"excerpt":{"rendered":"<p>Dalla teoria alla pratica, dai libri di testo ai microscopi, \u00e8 stato un vero e proprio viaggio nel mondo della medicina quello vissuto dagli alunni delle classi terze, protagonisti di una coinvolgente visita presso l\u2019Istituto clinico \u201cDe Blasi\u201d di Reggio Calabria. L\u2019iniziativa, promossa nell\u2019ambito delle discipline STEM e coordinata dalla Prof.ssa Domenica Stillitano con la &hellip;<\/p>\n","protected":false},"author":244,"featured_media":45798,"comment_status":"closed","ping_status":"closed","sticky":false,"template":"","format":"standard","meta":{"footnotes":""},"categories":[94],"tags":[],"class_list":["post-45794","post","type-post","status-publish","format-standard","has-post-thumbnail","hentry","category-attivita-ed-eventi"],"featured_image_src":"https:\/\/www.convittocampanella.edu.it\/wbs\/wp-content\/uploads\/2026\/04\/WhatsApp-Image-2026-04-21-at-08.54.29-4.jpeg","author_info":{"display_name":"Gestione Due","author_link":"https:\/\/www.convittocampanella.edu.it\/wbs"},"_links":{"self":[{"href":"https:\/\/www.convittocampanella.edu.it\/wbs\/wp-json\/wp\/v2\/posts\/45794","targetHints":{"allow":["GET"]}}],"collection":[{"href":"https:\/\/www.convittocampanella.edu.it\/wbs\/wp-json\/wp\/v2\/posts"}],"about":[{"href":"https:\/\/www.convittocampanella.edu.it\/wbs\/wp-json\/wp\/v2\/types\/post"}],"author":[{"embeddable":true,"href":"https:\/\/www.convittocampanella.edu.it\/wbs\/wp-json\/wp\/v2\/users\/244"}],"replies":[{"embeddable":true,"href":"https:\/\/www.convittocampanella.edu.it\/wbs\/wp-json\/wp\/v2\/comments?post=45794"}],"version-history":[{"count":1,"href":"https:\/\/www.convittocampanella.edu.it\/wbs\/wp-json\/wp\/v2\/posts\/45794\/revisions"}],"predecessor-version":[{"id":45804,"href":"https:\/\/www.convittocampanella.edu.it\/wbs\/wp-json\/wp\/v2\/posts\/45794\/revisions\/45804"}],"wp:featuredmedia":[{"embeddable":true,"href":"https:\/\/www.convittocampanella.edu.it\/wbs\/wp-json\/wp\/v2\/media\/45798"}],"wp:attachment":[{"href":"https:\/\/www.convittocampanella.edu.it\/wbs\/wp-json\/wp\/v2\/media?parent=45794"}],"wp:term":[{"taxonomy":"category","embeddable":true,"href":"https:\/\/www.convittocampanella.edu.it\/wbs\/wp-json\/wp\/v2\/categories?post=45794"},{"taxonomy":"post_tag","embeddable":true,"href":"https:\/\/www.convittocampanella.edu.it\/wbs\/wp-json\/wp\/v2\/tags?post=45794"}],"curies":[{"name":"wp","href":"https:\/\/api.w.org\/{rel}","templated":true}]}}