{"id":44883,"date":"2026-02-17T20:34:03","date_gmt":"2026-02-17T19:34:03","guid":{"rendered":"https:\/\/www.convittocampanella.edu.it\/wbs\/?p=44883"},"modified":"2026-02-17T20:34:03","modified_gmt":"2026-02-17T19:34:03","slug":"interact-club-liceo-conferenza-caminetto-ascoltare-il-corpo-ascoltare-la-mente-17-02-2026","status":"publish","type":"post","link":"https:\/\/www.convittocampanella.edu.it\/wbs\/interact-club-liceo-conferenza-caminetto-ascoltare-il-corpo-ascoltare-la-mente-17-02-2026\/","title":{"rendered":"Interact club &#8211; Liceo &#8211; Conferenza caminetto \u201cAscoltare il corpo, ascoltare la mente\u201d &#8211; 17\/02\/2026"},"content":{"rendered":"<p style=\"text-align: justify;\">Questo pomeriggio, presso il nostro Istituto, si \u00e8 tenuta la conferenza caminetto dal titolo \u201c<em>Ascoltare il corpo, ascoltare la mente<\/em>\u201d, promossa e organizzata dal nostro Interact Club e dedicata al sensibile tema dei disturbi del comportamento alimentare. All\u2019incontro era presente anche il Club padrino, rappresentato dalla dott.ssa Simonetta Neri, a testimonianza della vicinanza e del sostegno costante alle iniziative formative promosse dai nostri studenti.<\/p>\n<p style=\"text-align: justify;\">Relatori dell\u2019incontro sono stati la psicologa dott.ssa Antonella Mento e il biologo nutrizionista dott. Domenico Prestia, che hanno offerto agli studenti un\u2019analisi approfondita e complementare del fenomeno. La dott.ssa Mento ha illustrato i principali disturbi del comportamento alimentare, soffermandosi non solo sulle caratteristiche cliniche, ma soprattutto sulle implicazioni psicologiche, familiari e relazionali che tali condizioni comportano. \u00c8 emerso come tali problematiche rappresentino spesso il segnale di un disagio pi\u00f9 profondo, legato all\u2019autostima, all\u2019identit\u00e0 e alla difficolt\u00e0 di esprimere emozioni e fragilit\u00e0.<\/p>\n<p style=\"text-align: justify;\">Il dott. Prestia ha invece approfondito l\u2019aspetto biologico, spiegando come un disturbo alimentare influenzi l\u2019intero organismo. Il corpo, ha sottolineato, si adatta alle condizioni psicologiche e agli squilibri alimentari, modificando il proprio funzionamento. Questo adattamento, per\u00f2, comporta conseguenze importanti sul metabolismo e sull\u2019equilibrio generale della persona, a conferma dello stretto legame tra mente e corpo, sintetizzabile nella formula latina \u201c<em>mens sana, in corpore sano<\/em>\u201d.<\/p>\n<p style=\"text-align: justify;\">L\u2019incontro si \u00e8 rivelato particolarmente interessante e coinvolgente, offrendo agli studenti strumenti concreti per comprendere un tema che riguarda da vicino molti giovani. Parlare di disturbi del comportamento alimentare significa infatti affrontare una realt\u00e0 spesso silenziosa, che pu\u00f2 nascondersi dietro abitudini apparentemente innocue o dietro un rapporto conflittuale con il proprio corpo.<\/p>\n<p style=\"text-align: justify;\">La nostra scuola e il nostro Club dimostrano ancora una volta il proprio impegno costante nella promozione del benessere fisico e psicologico. Non solo luogo di formazione culturale, l\u2019Istituto si conferma spazio di ascolto e crescita, attento alle fragilit\u00e0 e ai bisogni dei propri studenti. Sensibilizzare, informare e creare occasioni di confronto rappresentano passi fondamentali per costruire una comunit\u00e0 scolastica e interactiana pi\u00f9 consapevole e solidale.\u00a0Gli studenti conservano una riflessione importante: imparare ad ascoltare il proprio corpo significa anche imparare ad ascoltare la propria mente, riconoscendo che il benessere nasce dall\u2019equilibrio tra le due dimensioni.<\/p>\n<div id='gallery-1' class='gallery galleryid-44883 gallery-columns-3 gallery-size-thumbnail'><figure class='gallery-item'>\n\t\t\t<div class='gallery-icon portrait'>\n\t\t\t\t<a class=\"th post-thumbnail zoom\" href='https:\/\/www.convittocampanella.edu.it\/wbs\/interact-club-liceo-conferenza-caminetto-ascoltare-il-corpo-ascoltare-la-mente-17-02-2026\/20260217_image_01\/'><img loading=\"lazy\" decoding=\"async\" width=\"150\" height=\"150\" src=\"https:\/\/www.convittocampanella.edu.it\/wbs\/wp-content\/uploads\/2026\/02\/20260217_image_01-150x150.jpeg\" class=\"attachment-thumbnail size-thumbnail\" alt=\"\" \/><\/a>\n\t\t\t<\/div><\/figure><figure class='gallery-item'>\n\t\t\t<div class='gallery-icon portrait'>\n\t\t\t\t<a class=\"th post-thumbnail zoom\" href='https:\/\/www.convittocampanella.edu.it\/wbs\/interact-club-liceo-conferenza-caminetto-ascoltare-il-corpo-ascoltare-la-mente-17-02-2026\/20260217_image_02\/'><img loading=\"lazy\" decoding=\"async\" width=\"150\" height=\"150\" src=\"https:\/\/www.convittocampanella.edu.it\/wbs\/wp-content\/uploads\/2026\/02\/20260217_image_02-150x150.jpeg\" class=\"attachment-thumbnail size-thumbnail\" alt=\"\" \/><\/a>\n\t\t\t<\/div><\/figure><figure class='gallery-item'>\n\t\t\t<div class='gallery-icon portrait'>\n\t\t\t\t<a class=\"th post-thumbnail zoom\" href='https:\/\/www.convittocampanella.edu.it\/wbs\/interact-club-liceo-conferenza-caminetto-ascoltare-il-corpo-ascoltare-la-mente-17-02-2026\/20260217_image_03\/'><img loading=\"lazy\" decoding=\"async\" width=\"150\" height=\"150\" src=\"https:\/\/www.convittocampanella.edu.it\/wbs\/wp-content\/uploads\/2026\/02\/20260217_image_03-150x150.jpeg\" class=\"attachment-thumbnail size-thumbnail\" alt=\"\" \/><\/a>\n\t\t\t<\/div><\/figure><figure class='gallery-item'>\n\t\t\t<div class='gallery-icon portrait'>\n\t\t\t\t<a class=\"th post-thumbnail zoom\" href='https:\/\/www.convittocampanella.edu.it\/wbs\/interact-club-liceo-conferenza-caminetto-ascoltare-il-corpo-ascoltare-la-mente-17-02-2026\/20260217_image_04\/'><img loading=\"lazy\" decoding=\"async\" width=\"150\" height=\"150\" src=\"https:\/\/www.convittocampanella.edu.it\/wbs\/wp-content\/uploads\/2026\/02\/20260217_image_04-150x150.jpeg\" class=\"attachment-thumbnail size-thumbnail\" alt=\"\" \/><\/a>\n\t\t\t<\/div><\/figure><figure class='gallery-item'>\n\t\t\t<div class='gallery-icon portrait'>\n\t\t\t\t<a class=\"th post-thumbnail zoom\" href='https:\/\/www.convittocampanella.edu.it\/wbs\/interact-club-liceo-conferenza-caminetto-ascoltare-il-corpo-ascoltare-la-mente-17-02-2026\/20260217_image_05\/'><img loading=\"lazy\" decoding=\"async\" width=\"150\" height=\"150\" src=\"https:\/\/www.convittocampanella.edu.it\/wbs\/wp-content\/uploads\/2026\/02\/20260217_image_05-150x150.jpeg\" class=\"attachment-thumbnail size-thumbnail\" alt=\"\" \/><\/a>\n\t\t\t<\/div><\/figure><figure class='gallery-item'>\n\t\t\t<div class='gallery-icon portrait'>\n\t\t\t\t<a class=\"th post-thumbnail zoom\" href='https:\/\/www.convittocampanella.edu.it\/wbs\/interact-club-liceo-conferenza-caminetto-ascoltare-il-corpo-ascoltare-la-mente-17-02-2026\/20260217_image_06\/'><img loading=\"lazy\" decoding=\"async\" width=\"150\" height=\"150\" src=\"https:\/\/www.convittocampanella.edu.it\/wbs\/wp-content\/uploads\/2026\/02\/20260217_image_06-150x150.jpeg\" class=\"attachment-thumbnail size-thumbnail\" alt=\"\" \/><\/a>\n\t\t\t<\/div><\/figure>\n\t\t<\/div>\n\n","protected":false},"excerpt":{"rendered":"<p>Questo pomeriggio, presso il nostro Istituto, si \u00e8 tenuta la conferenza caminetto dal titolo \u201cAscoltare il corpo, ascoltare la mente\u201d, promossa e organizzata dal nostro Interact Club e dedicata al sensibile tema dei disturbi del comportamento alimentare. All\u2019incontro era presente anche il Club padrino, rappresentato dalla dott.ssa Simonetta Neri, a testimonianza della vicinanza e del &hellip;<\/p>\n","protected":false},"author":244,"featured_media":44887,"comment_status":"closed","ping_status":"closed","sticky":false,"template":"","format":"standard","meta":{"footnotes":""},"categories":[156],"tags":[],"class_list":["post-44883","post","type-post","status-publish","format-standard","has-post-thumbnail","hentry","category-attivita-ed-eventi-rotary"],"featured_image_src":"https:\/\/www.convittocampanella.edu.it\/wbs\/wp-content\/uploads\/2026\/02\/20260217_image_04.jpeg","author_info":{"display_name":"Gestione Due","author_link":"https:\/\/www.convittocampanella.edu.it\/wbs"},"_links":{"self":[{"href":"https:\/\/www.convittocampanella.edu.it\/wbs\/wp-json\/wp\/v2\/posts\/44883","targetHints":{"allow":["GET"]}}],"collection":[{"href":"https:\/\/www.convittocampanella.edu.it\/wbs\/wp-json\/wp\/v2\/posts"}],"about":[{"href":"https:\/\/www.convittocampanella.edu.it\/wbs\/wp-json\/wp\/v2\/types\/post"}],"author":[{"embeddable":true,"href":"https:\/\/www.convittocampanella.edu.it\/wbs\/wp-json\/wp\/v2\/users\/244"}],"replies":[{"embeddable":true,"href":"https:\/\/www.convittocampanella.edu.it\/wbs\/wp-json\/wp\/v2\/comments?post=44883"}],"version-history":[{"count":1,"href":"https:\/\/www.convittocampanella.edu.it\/wbs\/wp-json\/wp\/v2\/posts\/44883\/revisions"}],"predecessor-version":[{"id":44890,"href":"https:\/\/www.convittocampanella.edu.it\/wbs\/wp-json\/wp\/v2\/posts\/44883\/revisions\/44890"}],"wp:featuredmedia":[{"embeddable":true,"href":"https:\/\/www.convittocampanella.edu.it\/wbs\/wp-json\/wp\/v2\/media\/44887"}],"wp:attachment":[{"href":"https:\/\/www.convittocampanella.edu.it\/wbs\/wp-json\/wp\/v2\/media?parent=44883"}],"wp:term":[{"taxonomy":"category","embeddable":true,"href":"https:\/\/www.convittocampanella.edu.it\/wbs\/wp-json\/wp\/v2\/categories?post=44883"},{"taxonomy":"post_tag","embeddable":true,"href":"https:\/\/www.convittocampanella.edu.it\/wbs\/wp-json\/wp\/v2\/tags?post=44883"}],"curies":[{"name":"wp","href":"https:\/\/api.w.org\/{rel}","templated":true}]}}