{"id":44437,"date":"2026-01-26T11:42:31","date_gmt":"2026-01-26T10:42:31","guid":{"rendered":"https:\/\/www.convittocampanella.edu.it\/wbs\/?p=44437"},"modified":"2026-01-26T11:42:31","modified_gmt":"2026-01-26T10:42:31","slug":"scuola-secondaria-di-i-grado-campionati-italiani-di-astronomia-studenti-ammessi-alla-fase-interregionale","status":"publish","type":"post","link":"https:\/\/www.convittocampanella.edu.it\/wbs\/scuola-secondaria-di-i-grado-campionati-italiani-di-astronomia-studenti-ammessi-alla-fase-interregionale\/","title":{"rendered":"Scuola Secondaria di I grado &#8211; Campionati Italiani di Astronomia: studenti ammessi alla fase interregionale"},"content":{"rendered":"<p style=\"text-align: justify;\">Ottimo risultato per gli studenti delle classi terze Scuola secondaria I grado dell\u2019Istituto che, con passione e determinazione, hanno preso parte alla <strong>XXIV edizione dei Campionati Italiani di Astronomia<\/strong>. Tre studenti su tre, coordinati dalla referente del progetto Prof.ssa Stillitano Domenica, hanno <strong>superato la fase di preselezione<\/strong>, conquistando l\u2019accesso alla <strong>gara interregionale.<\/strong><\/p>\n<p style=\"text-align: justify;\">Un traguardo che premia un percorso di studio serio e appassionato, durante il quale gli studenti hanno consolidato competenze nell\u2019ambito dell\u2019astronomia e dell\u2019astrofisica di base, distinguendosi per impegno, curiosit\u00e0 scientifica e determinazione.<\/p>\n<p style=\"text-align: justify;\">Secondo la graduatoria di Istituto, i risultati ottenuti sono i seguenti:<\/p>\n<ul style=\"text-align: justify;\">\n<li><strong>1\u00b0 posto<\/strong> \u2013 Chil\u00e0 Sabrina della classe 3^F \u2013 Punteggio raggiunto 65\/90<\/li>\n<li><strong>2\u00b0 posto<\/strong> \u2013 Pacilli Leonardo della classe 3^D \u2013 Punteggio raggiunto 61.6\/90<\/li>\n<li><strong>3\u00b0 posto<\/strong> \u2013 Martino Alessandro della classe 3^E \u2013 Punteggio raggiunto 61\/90<\/li>\n<\/ul>\n<p style=\"text-align: justify;\">La <strong>gara interregionale<\/strong> si svolger\u00e0 il <strong>24 febbraio 2026<\/strong><strong>, <\/strong>alle ore <strong>14.30<\/strong>, in modalit\u00e0 <strong>simultanea e in presenza<\/strong><strong>.<\/strong> La prova, della durata di <strong>due ore e trenta minuti<\/strong>, metter\u00e0 alla prova capacit\u00e0 di ragionamento, conoscenze teoriche e abilit\u00e0 di problem solving attraverso quesiti specifici e un test a risposta multipla.<\/p>\n<p style=\"text-align: justify;\">Il cammino verso la competizione proseguir\u00e0 con il supporto dello <strong>staff del Planetario<\/strong>, promotore dell\u2019iniziativa, accompagnando gli studenti fino alla <strong>finale nazionale<\/strong>, in programma a <strong>Monza<\/strong><strong>,<\/strong> presso il <strong>Liceo Scientifico \u201cP. Frisi\u201d<\/strong>, dal <strong>27<\/strong><strong> al 29 aprile 2026<\/strong><strong>.<\/strong><\/p>\n<p style=\"text-align: justify;\">I Campionati Italiani di Astronomia, promossi dal Ministero dell\u2019Istruzione e del Merito, organizzati dalla Societ\u00e0 Astronomica Italiana e dall\u2019Istituto Nazionale di Astrofisica, rientrano nel <strong>programma nazionale per la valorizzazione delle \u201ceccellenze\u201d<\/strong>, offrendo agli studenti l\u2019opportunit\u00e0 di misurarsi con una delle pi\u00f9 affascinanti sfide del sapere scientifico.<\/p>\n<div class=\"wp-block-image\"><img loading=\"lazy\" decoding=\"async\" class=\"wpa-warning wpa-image-missing-alt wp-image-44438 size-medium alignright\" src=\"https:\/\/www.convittocampanella.edu.it\/wbs\/wp-content\/uploads\/2026\/01\/WhatsApp-Image-2026-01-26-at-11.05.52-2-169x300.jpeg\" alt=\"\" width=\"169\" height=\"300\" data-warning=\"Testo alt mancante\" srcset=\"https:\/\/www.convittocampanella.edu.it\/wbs\/wp-content\/uploads\/2026\/01\/WhatsApp-Image-2026-01-26-at-11.05.52-2-169x300.jpeg 169w, https:\/\/www.convittocampanella.edu.it\/wbs\/wp-content\/uploads\/2026\/01\/WhatsApp-Image-2026-01-26-at-11.05.52-2-577x1024.jpeg 577w, https:\/\/www.convittocampanella.edu.it\/wbs\/wp-content\/uploads\/2026\/01\/WhatsApp-Image-2026-01-26-at-11.05.52-2-768x1364.jpeg 768w, https:\/\/www.convittocampanella.edu.it\/wbs\/wp-content\/uploads\/2026\/01\/WhatsApp-Image-2026-01-26-at-11.05.52-2-865x1536.jpeg 865w, https:\/\/www.convittocampanella.edu.it\/wbs\/wp-content\/uploads\/2026\/01\/WhatsApp-Image-2026-01-26-at-11.05.52-2-676x1200.jpeg 676w, https:\/\/www.convittocampanella.edu.it\/wbs\/wp-content\/uploads\/2026\/01\/WhatsApp-Image-2026-01-26-at-11.05.52-2-1081x1920.jpeg 1081w, https:\/\/www.convittocampanella.edu.it\/wbs\/wp-content\/uploads\/2026\/01\/WhatsApp-Image-2026-01-26-at-11.05.52-2.jpeg 1153w\" sizes=\"auto, (max-width: 169px) 100vw, 169px\" \/><\/p>\n<div class=\"wp-block-image\"><img loading=\"lazy\" decoding=\"async\" class=\"wpa-warning wpa-image-missing-alt aligncenter wp-image-44439 size-medium\" src=\"https:\/\/www.convittocampanella.edu.it\/wbs\/wp-content\/uploads\/2026\/01\/WhatsApp-Image-2026-01-26-at-11.05.52-169x300.jpeg\" alt=\"\" width=\"169\" height=\"300\" data-warning=\"Testo alt mancante\" srcset=\"https:\/\/www.convittocampanella.edu.it\/wbs\/wp-content\/uploads\/2026\/01\/WhatsApp-Image-2026-01-26-at-11.05.52-169x300.jpeg 169w, https:\/\/www.convittocampanella.edu.it\/wbs\/wp-content\/uploads\/2026\/01\/WhatsApp-Image-2026-01-26-at-11.05.52-577x1024.jpeg 577w, https:\/\/www.convittocampanella.edu.it\/wbs\/wp-content\/uploads\/2026\/01\/WhatsApp-Image-2026-01-26-at-11.05.52-768x1364.jpeg 768w, https:\/\/www.convittocampanella.edu.it\/wbs\/wp-content\/uploads\/2026\/01\/WhatsApp-Image-2026-01-26-at-11.05.52-865x1536.jpeg 865w, https:\/\/www.convittocampanella.edu.it\/wbs\/wp-content\/uploads\/2026\/01\/WhatsApp-Image-2026-01-26-at-11.05.52-676x1200.jpeg 676w, https:\/\/www.convittocampanella.edu.it\/wbs\/wp-content\/uploads\/2026\/01\/WhatsApp-Image-2026-01-26-at-11.05.52-1081x1920.jpeg 1081w, https:\/\/www.convittocampanella.edu.it\/wbs\/wp-content\/uploads\/2026\/01\/WhatsApp-Image-2026-01-26-at-11.05.52.jpeg 1153w\" sizes=\"auto, (max-width: 169px) 100vw, 169px\" \/><\/div>\n<\/div>\n","protected":false},"excerpt":{"rendered":"<p>Ottimo risultato per gli studenti delle classi terze Scuola secondaria I grado dell\u2019Istituto che, con passione e determinazione, hanno preso parte alla XXIV edizione dei Campionati Italiani di Astronomia. Tre studenti su tre, coordinati dalla referente del progetto Prof.ssa Stillitano Domenica, hanno superato la fase di preselezione, conquistando l\u2019accesso alla gara interregionale. Un traguardo che &hellip;<\/p>\n","protected":false},"author":244,"featured_media":44439,"comment_status":"closed","ping_status":"closed","sticky":false,"template":"","format":"standard","meta":{"footnotes":""},"categories":[94],"tags":[],"class_list":["post-44437","post","type-post","status-publish","format-standard","has-post-thumbnail","hentry","category-attivita-ed-eventi"],"featured_image_src":"https:\/\/www.convittocampanella.edu.it\/wbs\/wp-content\/uploads\/2026\/01\/WhatsApp-Image-2026-01-26-at-11.05.52.jpeg","author_info":{"display_name":"Gestione Due","author_link":"https:\/\/www.convittocampanella.edu.it\/wbs"},"_links":{"self":[{"href":"https:\/\/www.convittocampanella.edu.it\/wbs\/wp-json\/wp\/v2\/posts\/44437","targetHints":{"allow":["GET"]}}],"collection":[{"href":"https:\/\/www.convittocampanella.edu.it\/wbs\/wp-json\/wp\/v2\/posts"}],"about":[{"href":"https:\/\/www.convittocampanella.edu.it\/wbs\/wp-json\/wp\/v2\/types\/post"}],"author":[{"embeddable":true,"href":"https:\/\/www.convittocampanella.edu.it\/wbs\/wp-json\/wp\/v2\/users\/244"}],"replies":[{"embeddable":true,"href":"https:\/\/www.convittocampanella.edu.it\/wbs\/wp-json\/wp\/v2\/comments?post=44437"}],"version-history":[{"count":2,"href":"https:\/\/www.convittocampanella.edu.it\/wbs\/wp-json\/wp\/v2\/posts\/44437\/revisions"}],"predecessor-version":[{"id":44441,"href":"https:\/\/www.convittocampanella.edu.it\/wbs\/wp-json\/wp\/v2\/posts\/44437\/revisions\/44441"}],"wp:featuredmedia":[{"embeddable":true,"href":"https:\/\/www.convittocampanella.edu.it\/wbs\/wp-json\/wp\/v2\/media\/44439"}],"wp:attachment":[{"href":"https:\/\/www.convittocampanella.edu.it\/wbs\/wp-json\/wp\/v2\/media?parent=44437"}],"wp:term":[{"taxonomy":"category","embeddable":true,"href":"https:\/\/www.convittocampanella.edu.it\/wbs\/wp-json\/wp\/v2\/categories?post=44437"},{"taxonomy":"post_tag","embeddable":true,"href":"https:\/\/www.convittocampanella.edu.it\/wbs\/wp-json\/wp\/v2\/tags?post=44437"}],"curies":[{"name":"wp","href":"https:\/\/api.w.org\/{rel}","templated":true}]}}