{"id":44023,"date":"2025-12-11T12:34:47","date_gmt":"2025-12-11T11:34:47","guid":{"rendered":"https:\/\/www.convittocampanella.edu.it\/wbs\/?p=44023"},"modified":"2025-12-11T12:34:47","modified_gmt":"2025-12-11T11:34:47","slug":"scuola-secondaria-ii-grado-federazione-italiana-pallacanestro-10-12-2025","status":"publish","type":"post","link":"https:\/\/www.convittocampanella.edu.it\/wbs\/scuola-secondaria-ii-grado-federazione-italiana-pallacanestro-10-12-2025\/","title":{"rendered":"SCUOLA SECONDARIA II GRADO -Federazione Italiana Pallacanestro &#8211; 10\/12\/2025"},"content":{"rendered":"<p style=\"text-align: justify;\">Grande orgoglio per il Convitto Nazionale \u201cTommaso Campanella\u201d: \ud835\udde0\ud835\uddee\ud835\ude01\ud835\uddf6\ud835\uddf9\ud835\uddf1\ud835\uddf2 \ud835\udde0\ud835\uddee\ud835\uddff\ud835\ude01\ud835\uddf6\ud835\uddfb\ud835\uddfc, alunna della 1 A del Liceo Classico, \u00e8 \ud835\uddf0\ud835\uddfc\ud835\uddfb\ud835\ude03\ud835\uddfc\ud835\uddf0\ud835\uddee\ud835\ude01\ud835\uddee \ud835\uddfd\ud835\uddf2\ud835\uddff \ud835\uddf4\ud835\uddf9\ud835\uddf6 \ud835\uddd4\ud835\uddf0\ud835\uddee\ud835\uddf1\ud835\uddf2\ud835\uddfa\ud835\ude06 \ud835\uddda\ud835\uddee\ud835\uddfa\ud835\uddf2\ud835\ude00 \ud835\udfee\ud835\udfec\ud835\udfee\ud835\udff1 della Federazione Italiana Pallacanestro.<\/p>\n<p style=\"text-align: justify;\">Matilde, atleta tesserata con la societ\u00e0 Lumaka Mini &amp; Basket Reggio Calabria, del presidente Lucio Lagan\u00e0, \u00e8 stata scelta per rappresentare la regione Calabria nel Raduno organizzato dal settore nazionale FIP.<\/p>\n<p style=\"text-align: justify;\">Dall&#8217;11 al 14 dicembre voler\u00e0 in quel di San Bonifacio (Verona) per prendere parte agli Academy Games insieme alle migliori 96 atlete italiane nate nel 2011, un&#8217;esperienza che, siamo sicuri, sar\u00e0 fonte di grande orgoglio e motivazione per lei e per tutte le atlete allenate da coach Katia Romeo.<\/p>\n<p style=\"text-align: justify;\">Un\u2019alunna che, come i fratelli Demetrio e Beatrice (anch\u2019essi cestisti), \u00e8 cresciuta e si \u00e8 formata nella nostra Scuola e che oggi \u00e8 la dimostrazione di come una scelta di studio impegnativa e prestigiosa come quella verso la maturit\u00e0 classica possa essere affiancata da un percorso sportivo agonistico, serio e formativo.<\/p>\n<p style=\"text-align: justify;\">L\u2019augurio \u00e8 che Matilde, e come lei tanti altri giovani alunni del nostro Istituto, sostenuti dai docenti, dagli educatori e dalle famiglie, riescano con costanza e determinazione a portare avanti i loro sogni, nella vita come nello sport, in una strada di crescita globale che li renda protagonisti consapevoli del loro futuro.<\/p>\n<div id='gallery-1' class='gallery galleryid-44023 gallery-columns-3 gallery-size-thumbnail'><figure class='gallery-item'>\n\t\t\t<div class='gallery-icon portrait'>\n\t\t\t\t<a class=\"th post-thumbnail zoom\" href='https:\/\/www.convittocampanella.edu.it\/wbs\/scuola-secondaria-ii-grado-federazione-italiana-pallacanestro-10-12-2025\/imagine-1-_2025_12_11\/'><img loading=\"lazy\" decoding=\"async\" width=\"150\" height=\"150\" src=\"https:\/\/www.convittocampanella.edu.it\/wbs\/wp-content\/uploads\/2025\/12\/Imagine-1-_2025_12_11-150x150.jpg\" class=\"attachment-thumbnail size-thumbnail\" alt=\"\" \/><\/a>\n\t\t\t<\/div><\/figure><figure class='gallery-item'>\n\t\t\t<div class='gallery-icon landscape'>\n\t\t\t\t<a class=\"th post-thumbnail zoom\" href='https:\/\/www.convittocampanella.edu.it\/wbs\/scuola-secondaria-ii-grado-federazione-italiana-pallacanestro-10-12-2025\/immagine2_2025_12_11\/'><img loading=\"lazy\" decoding=\"async\" width=\"150\" height=\"150\" src=\"https:\/\/www.convittocampanella.edu.it\/wbs\/wp-content\/uploads\/2025\/12\/Immagine2_2025_12_11-150x150.jpg\" class=\"attachment-thumbnail size-thumbnail\" alt=\"\" \/><\/a>\n\t\t\t<\/div><\/figure>\n\t\t<\/div>\n\n","protected":false},"excerpt":{"rendered":"<p>Grande orgoglio per il Convitto Nazionale \u201cTommaso Campanella\u201d: \ud835\udde0\ud835\uddee\ud835\ude01\ud835\uddf6\ud835\uddf9\ud835\uddf1\ud835\uddf2 \ud835\udde0\ud835\uddee\ud835\uddff\ud835\ude01\ud835\uddf6\ud835\uddfb\ud835\uddfc, alunna della 1 A del Liceo Classico, \u00e8 \ud835\uddf0\ud835\uddfc\ud835\uddfb\ud835\ude03\ud835\uddfc\ud835\uddf0\ud835\uddee\ud835\ude01\ud835\uddee \ud835\uddfd\ud835\uddf2\ud835\uddff \ud835\uddf4\ud835\uddf9\ud835\uddf6 \ud835\uddd4\ud835\uddf0\ud835\uddee\ud835\uddf1\ud835\uddf2\ud835\uddfa\ud835\ude06 \ud835\uddda\ud835\uddee\ud835\uddfa\ud835\uddf2\ud835\ude00 \ud835\udfee\ud835\udfec\ud835\udfee\ud835\udff1 della Federazione Italiana Pallacanestro. Matilde, atleta tesserata con la societ\u00e0 Lumaka Mini &amp; Basket Reggio Calabria, del presidente Lucio Lagan\u00e0, \u00e8 stata scelta per rappresentare la regione Calabria nel Raduno organizzato &hellip;<\/p>\n","protected":false},"author":244,"featured_media":44024,"comment_status":"closed","ping_status":"closed","sticky":false,"template":"","format":"standard","meta":{"footnotes":""},"categories":[94],"tags":[],"class_list":["post-44023","post","type-post","status-publish","format-standard","has-post-thumbnail","hentry","category-attivita-ed-eventi"],"featured_image_src":"https:\/\/www.convittocampanella.edu.it\/wbs\/wp-content\/uploads\/2025\/12\/Imagine-1-_2025_12_11.jpg","author_info":{"display_name":"Gestione Due","author_link":"https:\/\/www.convittocampanella.edu.it\/wbs"},"_links":{"self":[{"href":"https:\/\/www.convittocampanella.edu.it\/wbs\/wp-json\/wp\/v2\/posts\/44023","targetHints":{"allow":["GET"]}}],"collection":[{"href":"https:\/\/www.convittocampanella.edu.it\/wbs\/wp-json\/wp\/v2\/posts"}],"about":[{"href":"https:\/\/www.convittocampanella.edu.it\/wbs\/wp-json\/wp\/v2\/types\/post"}],"author":[{"embeddable":true,"href":"https:\/\/www.convittocampanella.edu.it\/wbs\/wp-json\/wp\/v2\/users\/244"}],"replies":[{"embeddable":true,"href":"https:\/\/www.convittocampanella.edu.it\/wbs\/wp-json\/wp\/v2\/comments?post=44023"}],"version-history":[{"count":1,"href":"https:\/\/www.convittocampanella.edu.it\/wbs\/wp-json\/wp\/v2\/posts\/44023\/revisions"}],"predecessor-version":[{"id":44026,"href":"https:\/\/www.convittocampanella.edu.it\/wbs\/wp-json\/wp\/v2\/posts\/44023\/revisions\/44026"}],"wp:featuredmedia":[{"embeddable":true,"href":"https:\/\/www.convittocampanella.edu.it\/wbs\/wp-json\/wp\/v2\/media\/44024"}],"wp:attachment":[{"href":"https:\/\/www.convittocampanella.edu.it\/wbs\/wp-json\/wp\/v2\/media?parent=44023"}],"wp:term":[{"taxonomy":"category","embeddable":true,"href":"https:\/\/www.convittocampanella.edu.it\/wbs\/wp-json\/wp\/v2\/categories?post=44023"},{"taxonomy":"post_tag","embeddable":true,"href":"https:\/\/www.convittocampanella.edu.it\/wbs\/wp-json\/wp\/v2\/tags?post=44023"}],"curies":[{"name":"wp","href":"https:\/\/api.w.org\/{rel}","templated":true}]}}