{"id":43296,"date":"2025-10-27T12:12:32","date_gmt":"2025-10-27T11:12:32","guid":{"rendered":"https:\/\/www.convittocampanella.edu.it\/wbs\/?p=43296"},"modified":"2025-10-27T12:25:52","modified_gmt":"2025-10-27T11:25:52","slug":"convegno-cultura-del-mare-conoscere-prevenire-proteggere","status":"publish","type":"post","link":"https:\/\/www.convittocampanella.edu.it\/wbs\/convegno-cultura-del-mare-conoscere-prevenire-proteggere\/","title":{"rendered":"Convegno &#8220;Cultura del mare: conoscere, prevenire, proteggere&#8221;"},"content":{"rendered":"<p style=\"text-align: justify;\">Una mattinata alla Capitaneria di Porto, all&#8217;insegna della scoperta del mare, del suo fascino, ma anche dei suoi pericoli e di ci\u00f2 che ne minaccia la salute. La 4^A e la 4^E del Liceo Classico e Classico Europeo del Convitto &#8220;T. Campanella&#8221; hanno partecipato al convegno &#8220;Cultura del mare: conoscere, prevenire, proteggere&#8221;, organizzato il 24 ottobre dalla Lega Navale Italiana &#8211; Sez. di Reggio Calabria, in collaborazione con la Capitaneria di Porto. Moderato dalla dottoressa Simona Caracciolo, responsabile comunicazione ed eventi LNI-RC, ha visto gli interventi del Presidente LNI-RC, dott. Antonino Nicol\u00f2, del Capitano di Fregata Alessandro Busonero, direttore del Notiziario della Marina Militare e di una delegazione della Capitaneria di Porto. Ognuno di loro ha saputo catturare l&#8217;attenzione e l&#8217;interesse degli studenti, che, al termine dell&#8217;incontro, hanno avuto l&#8217;occasione di visitare la Sala Operativa della Capitaneria e di comprendere il grande valore del lavoro che la Guardia Costiera svolge quotidianamente. In virt\u00f9 del rapporto di stima e collaborazione che gi\u00e0 dallo scorso anno scolastico lega il Convitto e la LNI-RC , il dott. Nicol\u00f2 ha consegnato alla professoressa Diano, in rappresentanza della Dirigente Scolastica, dottoressa Francesca Arena, il gagliardetto della Lega.<\/p>\n<div id='gallery-1' class='gallery galleryid-43296 gallery-columns-3 gallery-size-thumbnail'><figure class='gallery-item'>\n\t\t\t<div class='gallery-icon landscape'>\n\t\t\t\t<a class=\"th post-thumbnail zoom\" href='https:\/\/www.convittocampanella.edu.it\/wbs\/wp-content\/uploads\/2025\/10\/7ff6f179-a7e3-4658-bef8-887f36e39f7a.jpg'><img loading=\"lazy\" decoding=\"async\" width=\"150\" height=\"150\" src=\"https:\/\/www.convittocampanella.edu.it\/wbs\/wp-content\/uploads\/2025\/10\/7ff6f179-a7e3-4658-bef8-887f36e39f7a-150x150.jpg\" class=\"attachment-thumbnail size-thumbnail\" alt=\"\" \/><\/a>\n\t\t\t<\/div><\/figure><figure class='gallery-item'>\n\t\t\t<div class='gallery-icon portrait'>\n\t\t\t\t<a class=\"th post-thumbnail zoom\" href='https:\/\/www.convittocampanella.edu.it\/wbs\/wp-content\/uploads\/2025\/10\/7b98c475-6798-4e73-aee8-36fc572bd7e0.jpg'><img loading=\"lazy\" decoding=\"async\" width=\"150\" height=\"150\" src=\"https:\/\/www.convittocampanella.edu.it\/wbs\/wp-content\/uploads\/2025\/10\/7b98c475-6798-4e73-aee8-36fc572bd7e0-150x150.jpg\" class=\"attachment-thumbnail size-thumbnail\" alt=\"\" \/><\/a>\n\t\t\t<\/div><\/figure><figure class='gallery-item'>\n\t\t\t<div class='gallery-icon portrait'>\n\t\t\t\t<a class=\"th post-thumbnail zoom\" href='https:\/\/www.convittocampanella.edu.it\/wbs\/wp-content\/uploads\/2025\/10\/0f892165-609f-4b4d-bab3-be3f7f4944ab.jpg'><img loading=\"lazy\" decoding=\"async\" width=\"150\" height=\"150\" src=\"https:\/\/www.convittocampanella.edu.it\/wbs\/wp-content\/uploads\/2025\/10\/0f892165-609f-4b4d-bab3-be3f7f4944ab-150x150.jpg\" class=\"attachment-thumbnail size-thumbnail\" alt=\"\" \/><\/a>\n\t\t\t<\/div><\/figure><figure class='gallery-item'>\n\t\t\t<div class='gallery-icon portrait'>\n\t\t\t\t<a class=\"th post-thumbnail zoom\" href='https:\/\/www.convittocampanella.edu.it\/wbs\/wp-content\/uploads\/2025\/10\/copia_1dc2dffa-fc8c-4f31-a21e-41667b1e2411-1.jpg'><img loading=\"lazy\" decoding=\"async\" width=\"150\" height=\"150\" src=\"https:\/\/www.convittocampanella.edu.it\/wbs\/wp-content\/uploads\/2025\/10\/copia_1dc2dffa-fc8c-4f31-a21e-41667b1e2411-1-150x150.jpg\" class=\"attachment-thumbnail size-thumbnail\" alt=\"\" \/><\/a>\n\t\t\t<\/div><\/figure><figure class='gallery-item'>\n\t\t\t<div class='gallery-icon landscape'>\n\t\t\t\t<a class=\"th post-thumbnail zoom\" href='https:\/\/www.convittocampanella.edu.it\/wbs\/wp-content\/uploads\/2025\/10\/859b34c4-0b0f-4b35-8cf9-48fd25ebbcb4.jpg'><img loading=\"lazy\" decoding=\"async\" width=\"150\" height=\"150\" src=\"https:\/\/www.convittocampanella.edu.it\/wbs\/wp-content\/uploads\/2025\/10\/859b34c4-0b0f-4b35-8cf9-48fd25ebbcb4-150x150.jpg\" class=\"attachment-thumbnail size-thumbnail\" alt=\"\" \/><\/a>\n\t\t\t<\/div><\/figure>\n\t\t<\/div>\n\n<p>&nbsp;<\/p>\n<p>&nbsp;<\/p>\n","protected":false},"excerpt":{"rendered":"<p>Una mattinata alla Capitaneria di Porto, all&#8217;insegna della scoperta del mare, del suo fascino, ma anche dei suoi pericoli e di ci\u00f2 che ne minaccia la salute. La 4^A e la 4^E del Liceo Classico e Classico Europeo del Convitto &#8220;T. Campanella&#8221; hanno partecipato al convegno &#8220;Cultura del mare: conoscere, prevenire, proteggere&#8221;, organizzato il 24 &hellip;<\/p>\n","protected":false},"author":3,"featured_media":43302,"comment_status":"closed","ping_status":"closed","sticky":false,"template":"","format":"standard","meta":{"footnotes":""},"categories":[94],"tags":[],"class_list":["post-43296","post","type-post","status-publish","format-standard","has-post-thumbnail","hentry","category-attivita-ed-eventi"],"featured_image_src":"https:\/\/www.convittocampanella.edu.it\/wbs\/wp-content\/uploads\/2025\/10\/COPIA__e1db3eec-9678-450d-9481-4c19bfb21f6b.jpg","author_info":{"display_name":"Segreteria1","author_link":"https:\/\/www.convittocampanella.edu.it\/wbs"},"_links":{"self":[{"href":"https:\/\/www.convittocampanella.edu.it\/wbs\/wp-json\/wp\/v2\/posts\/43296","targetHints":{"allow":["GET"]}}],"collection":[{"href":"https:\/\/www.convittocampanella.edu.it\/wbs\/wp-json\/wp\/v2\/posts"}],"about":[{"href":"https:\/\/www.convittocampanella.edu.it\/wbs\/wp-json\/wp\/v2\/types\/post"}],"author":[{"embeddable":true,"href":"https:\/\/www.convittocampanella.edu.it\/wbs\/wp-json\/wp\/v2\/users\/3"}],"replies":[{"embeddable":true,"href":"https:\/\/www.convittocampanella.edu.it\/wbs\/wp-json\/wp\/v2\/comments?post=43296"}],"version-history":[{"count":4,"href":"https:\/\/www.convittocampanella.edu.it\/wbs\/wp-json\/wp\/v2\/posts\/43296\/revisions"}],"predecessor-version":[{"id":43310,"href":"https:\/\/www.convittocampanella.edu.it\/wbs\/wp-json\/wp\/v2\/posts\/43296\/revisions\/43310"}],"wp:featuredmedia":[{"embeddable":true,"href":"https:\/\/www.convittocampanella.edu.it\/wbs\/wp-json\/wp\/v2\/media\/43302"}],"wp:attachment":[{"href":"https:\/\/www.convittocampanella.edu.it\/wbs\/wp-json\/wp\/v2\/media?parent=43296"}],"wp:term":[{"taxonomy":"category","embeddable":true,"href":"https:\/\/www.convittocampanella.edu.it\/wbs\/wp-json\/wp\/v2\/categories?post=43296"},{"taxonomy":"post_tag","embeddable":true,"href":"https:\/\/www.convittocampanella.edu.it\/wbs\/wp-json\/wp\/v2\/tags?post=43296"}],"curies":[{"name":"wp","href":"https:\/\/api.w.org\/{rel}","templated":true}]}}