{"id":31751,"date":"2024-06-18T16:16:05","date_gmt":"2024-06-18T14:16:05","guid":{"rendered":"https:\/\/www.convittocampanella.edu.it\/wbs\/?p=31751"},"modified":"2024-06-18T16:17:09","modified_gmt":"2024-06-18T14:17:09","slug":"dama-lo-sport-della-mente-si-riafferma-sempre-vincente-il-convitto-t-campanella-di-reggio-calabria","status":"publish","type":"post","link":"https:\/\/www.convittocampanella.edu.it\/wbs\/dama-lo-sport-della-mente-si-riafferma-sempre-vincente-il-convitto-t-campanella-di-reggio-calabria\/","title":{"rendered":"DAMA \u201cLO SPORT DELLA MENTE\u201d SI RIAFFERMA SEMPRE VINCENTE IL CONVITTO \u201cT. CAMPANELLA\u201d DI REGGIO CALABRIA"},"content":{"rendered":"<p style=\"text-align: justify;\">Grazie al forte interesse del Nostro Dirigente Scolastico Dott.ssa Francesca Arena e in collaborazione con la Federazione Italiana Dama si \u00e8 concluso il progetto \u201cDama a Scuola\u201d. Questo ha coinvolto i semiconvittori frequentanti le classi di ogni ordine e grado e si \u00e8 svolto nei giorni di marted\u00ec e gioved\u00ec con la partecipazione di un esperto esterno, il Maestro Simone Amaretti, istruttore FID, e sotto la guida del prof. Giandomenico Cuzzocrea, con l\u2019obiettivo di educare i ragazzi al confronto aperto e leale, al ragionamento ed allo sviluppo delle capacit\u00e0 logico-deduttive.<\/p>\n<p style=\"text-align: justify;\">\u00a0A conclusione del corso, il 13 aprile presso il circolo tennis \u201cRocco Polimeni\u201d, si \u00e8 svolto un torneo, dove hanno partecipato diverse scuole della nostra Citt\u00e0 Metropolitana, attraverso cui sono stati selezionati gli studenti che hanno partecipato ai Giochi Sportivi Studenteschi patrocinati dal MIUR. Il Convitto si \u00e8 classificato al primo posto in ben sei categorie su otto, (nelle Scuole: primaria dama Internazionale, secondaria di I grado dama italiana e internazionale e nella secondaria di II grado nelle categorie Allievi dama internazionale e Juniores dama Italiana e Internazionale) ed un ottimo secondo posto nella categoria scuola primaria di dama internazionale. Grazie a questo successo, accompagnati dal prof. Rocco Idone, i nostri ragazzi, hanno potuto partecipare alla finale Nazionale dei G.G.S. che si sono tenuti a Misano Adriatico (RN) dal 16 al 19 maggio presso il Palazzetto dello Sport del Villaggio San Pellegrino.<\/p>\n<p style=\"text-align: justify;\">In questi tre giorni di gara, non sono certamente mancati anche i momenti di svago, \u201cescursione a San Marino\u201d, sano agonismo e confronti amichevoli con gli altri ragazzi provenienti da tutta l\u2019Italia. A fine competizione il Convitto T. Campanella si \u00e8 aggiudicato un sesto posto nella scuola primaria, categoria Dama Internazionale con Giosu\u00e8 Micali, Chanel Benedetto e Arianna Gattuso; un secondo posto nella scuola secondaria di primo grado, categoria Dama Internazionale, con Antonio Micali, Herman Marusenko e Benedetta Vilasi; un terzo posto nella scuola secondaria di primo grado, categoria Dama Italiana, con Domenico Martino, Riccardo Gattuso e Pierluigi Surace; un secondo posto nella categoria juniores Dama Internazionale con Ludovica Amaretti, Maria De Maio e Alessandra Giulia Idone\u00a0 \u201d Migliore giocatore d\u2019Italia della sua categoria\u201d Ludovica Amaretti\u201d. Questa esperienza, sicuramente costruttiva, rimarr\u00e0 certamente tra i ricordi pi\u00f9 belli e indelebili dei nostri alunni. Appuntamento al prossimo anno, con risultati ancora pi\u00f9 prestigiosi. Ad maiora<\/p>\n<div id='gallery-1' class='gallery galleryid-31751 gallery-columns-1 gallery-size-thumbnail'><figure class='gallery-item'>\n\t\t\t<div class='gallery-icon landscape'>\n\t\t\t\t<a class=\"th post-thumbnail zoom\" href='https:\/\/www.convittocampanella.edu.it\/wbs\/wp-content\/uploads\/2024\/06\/cid_4A651BBC-B499-47F1-9C22-4E93444B8E23.jpg'><img loading=\"lazy\" decoding=\"async\" width=\"150\" height=\"150\" src=\"https:\/\/www.convittocampanella.edu.it\/wbs\/wp-content\/uploads\/2024\/06\/cid_4A651BBC-B499-47F1-9C22-4E93444B8E23-150x150.jpg\" class=\"attachment-thumbnail size-thumbnail\" alt=\"\" \/><\/a>\n\t\t\t<\/div><\/figure>\n\t\t<\/div>\n\n<p>&nbsp;<\/p>\n","protected":false},"excerpt":{"rendered":"<p>Grazie al forte interesse del Nostro Dirigente Scolastico Dott.ssa Francesca Arena e in collaborazione con la Federazione Italiana Dama si \u00e8 concluso il progetto \u201cDama a Scuola\u201d. Questo ha coinvolto i semiconvittori frequentanti le classi di ogni ordine e grado e si \u00e8 svolto nei giorni di marted\u00ec e gioved\u00ec con la partecipazione di un &hellip;<\/p>\n","protected":false},"author":3,"featured_media":31752,"comment_status":"closed","ping_status":"closed","sticky":false,"template":"","format":"standard","meta":{"footnotes":""},"categories":[94],"tags":[],"class_list":["post-31751","post","type-post","status-publish","format-standard","has-post-thumbnail","hentry","category-attivita-ed-eventi"],"featured_image_src":"https:\/\/www.convittocampanella.edu.it\/wbs\/wp-content\/uploads\/2024\/06\/copia-cid_4A651BBC-B499-47F1-9C22-4E93444B8E23.jpg","author_info":{"display_name":"Segreteria1","author_link":"https:\/\/www.convittocampanella.edu.it\/wbs"},"_links":{"self":[{"href":"https:\/\/www.convittocampanella.edu.it\/wbs\/wp-json\/wp\/v2\/posts\/31751","targetHints":{"allow":["GET"]}}],"collection":[{"href":"https:\/\/www.convittocampanella.edu.it\/wbs\/wp-json\/wp\/v2\/posts"}],"about":[{"href":"https:\/\/www.convittocampanella.edu.it\/wbs\/wp-json\/wp\/v2\/types\/post"}],"author":[{"embeddable":true,"href":"https:\/\/www.convittocampanella.edu.it\/wbs\/wp-json\/wp\/v2\/users\/3"}],"replies":[{"embeddable":true,"href":"https:\/\/www.convittocampanella.edu.it\/wbs\/wp-json\/wp\/v2\/comments?post=31751"}],"version-history":[{"count":0,"href":"https:\/\/www.convittocampanella.edu.it\/wbs\/wp-json\/wp\/v2\/posts\/31751\/revisions"}],"wp:featuredmedia":[{"embeddable":true,"href":"https:\/\/www.convittocampanella.edu.it\/wbs\/wp-json\/wp\/v2\/media\/31752"}],"wp:attachment":[{"href":"https:\/\/www.convittocampanella.edu.it\/wbs\/wp-json\/wp\/v2\/media?parent=31751"}],"wp:term":[{"taxonomy":"category","embeddable":true,"href":"https:\/\/www.convittocampanella.edu.it\/wbs\/wp-json\/wp\/v2\/categories?post=31751"},{"taxonomy":"post_tag","embeddable":true,"href":"https:\/\/www.convittocampanella.edu.it\/wbs\/wp-json\/wp\/v2\/tags?post=31751"}],"curies":[{"name":"wp","href":"https:\/\/api.w.org\/{rel}","templated":true}]}}