{"id":31736,"date":"2024-06-18T16:02:59","date_gmt":"2024-06-18T14:02:59","guid":{"rendered":"https:\/\/www.convittocampanella.edu.it\/wbs\/?p=31736"},"modified":"2024-06-18T16:05:10","modified_gmt":"2024-06-18T14:05:10","slug":"scuola-primaria-scuola-sec-ie-ii-grado-partecipazione-alle-finali-dei-giochi-matematici-delluniversita-bocconi","status":"publish","type":"post","link":"https:\/\/www.convittocampanella.edu.it\/wbs\/scuola-primaria-scuola-sec-ie-ii-grado-partecipazione-alle-finali-dei-giochi-matematici-delluniversita-bocconi\/","title":{"rendered":"Scuola primaria, scuola sec. I e II grado &#8211; partecipazione alle finali dei Giochi Matematici dell\u2019Universit\u00e0 Bocconi"},"content":{"rendered":"<p style=\"text-align: justify;\">Il Convitto Nazionale \u201cTommaso Campanella\u201d, alle finali dei Giochi Matematici dell\u2019Universit\u00e0 Bocconi.<br \/>\nUna straordinaria esperienza, quella vissuta da sette alunni del nostro Istituto che, da un\u2019aula scolastica li ha proiettati in una straordinaria realt\u00e0, catapultandoli in una delle pi\u00f9 prestigiose Universit\u00e0 d\u2019Italia, la Bocconi di Milano. Gli allievi, a suon di numeri, logica, intuizione e tanta fantasia, si sono confrontati con circa 3000 studenti, provenienti da ogni parte d\u2019Italia per disputare la finale dei Giochi Matematici.<br \/>\nBorrello Giorgio (classe 4^C), Labate Emmanuel (classe 4^A), Siclari Marco (classe 5^D), della Scuola Primaria e Alampi Marta (classe 2^C), Martino Domenico (classe 1^A), Andarivieni Salvatore (classe 2^ A), della Scuola Secondaria di Primo grado; Manuardi Domenica (classe 1^ C L.C.E), della Scuola Secondaria di Secondo Grado, dopo aver superato le fasi preliminari, hanno disputato la finale dei Campionati Junior e dei Campionati Internazionali.<br \/>\nAccompagnati dai rispettivi genitori, e supportati da un carico di incoraggiamenti e buoni consigli dalla referente d\u2019Istituto dei giochi matematici, Prof.ssa Caterina Maria Ielo e dei rispettivi docenti, hanno vissuto un\u2019esperienza che rester\u00e0 indelebile nel loro cuore e nella loro mente.<br \/>\nIl privilegio di fare parte del Gotha degli studenti pi\u00f9 bravi d\u2019Italia in matematica, rester\u00e0 impresso nei loro ricordi e fornir\u00e0 una buona dose di fiducia, elemento fondamentale per affrontare con determinazione, volont\u00e0 e competenza, non solo problemi matematici ma anche tutte le sfide future!<br \/>\nAi nostri \u201cpiccoli geni\u201d\u2026i nostri complimenti<\/p>\n<div id='gallery-1' class='gallery galleryid-31736 gallery-columns-3 gallery-size-thumbnail'><figure class='gallery-item'>\n\t\t\t<div class='gallery-icon portrait'>\n\t\t\t\t<a class=\"th post-thumbnail zoom\" href='https:\/\/www.convittocampanella.edu.it\/wbs\/wp-content\/uploads\/2024\/06\/WhatsApp-Image-2024-06-06-at-09.17.06-1.jpeg'><img loading=\"lazy\" decoding=\"async\" width=\"150\" height=\"150\" src=\"https:\/\/www.convittocampanella.edu.it\/wbs\/wp-content\/uploads\/2024\/06\/WhatsApp-Image-2024-06-06-at-09.17.06-1-150x150.jpeg\" class=\"attachment-thumbnail size-thumbnail\" alt=\"\" \/><\/a>\n\t\t\t<\/div><\/figure><figure class='gallery-item'>\n\t\t\t<div class='gallery-icon portrait'>\n\t\t\t\t<a class=\"th post-thumbnail zoom\" href='https:\/\/www.convittocampanella.edu.it\/wbs\/wp-content\/uploads\/2024\/06\/WhatsApp-Image-2024-06-06-at-09.17.05-2.jpeg'><img loading=\"lazy\" decoding=\"async\" width=\"150\" height=\"150\" src=\"https:\/\/www.convittocampanella.edu.it\/wbs\/wp-content\/uploads\/2024\/06\/WhatsApp-Image-2024-06-06-at-09.17.05-2-150x150.jpeg\" class=\"attachment-thumbnail size-thumbnail\" alt=\"\" \/><\/a>\n\t\t\t<\/div><\/figure><figure class='gallery-item'>\n\t\t\t<div class='gallery-icon landscape'>\n\t\t\t\t<a class=\"th post-thumbnail zoom\" href='https:\/\/www.convittocampanella.edu.it\/wbs\/wp-content\/uploads\/2024\/06\/WhatsApp-Image-2024-06-06-at-09.17.05-1.jpeg'><img loading=\"lazy\" decoding=\"async\" width=\"150\" height=\"150\" src=\"https:\/\/www.convittocampanella.edu.it\/wbs\/wp-content\/uploads\/2024\/06\/WhatsApp-Image-2024-06-06-at-09.17.05-1-150x150.jpeg\" class=\"attachment-thumbnail size-thumbnail\" alt=\"\" \/><\/a>\n\t\t\t<\/div><\/figure><figure class='gallery-item'>\n\t\t\t<div class='gallery-icon portrait'>\n\t\t\t\t<a class=\"th post-thumbnail zoom\" href='https:\/\/www.convittocampanella.edu.it\/wbs\/wp-content\/uploads\/2024\/06\/WhatsApp-Image-2024-06-06-at-09.17.07.jpeg'><img loading=\"lazy\" decoding=\"async\" width=\"150\" height=\"150\" src=\"https:\/\/www.convittocampanella.edu.it\/wbs\/wp-content\/uploads\/2024\/06\/WhatsApp-Image-2024-06-06-at-09.17.07-150x150.jpeg\" class=\"attachment-thumbnail size-thumbnail\" alt=\"\" \/><\/a>\n\t\t\t<\/div><\/figure><figure class='gallery-item'>\n\t\t\t<div class='gallery-icon portrait'>\n\t\t\t\t<a class=\"th post-thumbnail zoom\" href='https:\/\/www.convittocampanella.edu.it\/wbs\/wp-content\/uploads\/2024\/06\/WhatsApp-Image-2024-06-06-at-09.17.06-2.jpeg'><img loading=\"lazy\" decoding=\"async\" width=\"150\" height=\"150\" src=\"https:\/\/www.convittocampanella.edu.it\/wbs\/wp-content\/uploads\/2024\/06\/WhatsApp-Image-2024-06-06-at-09.17.06-2-150x150.jpeg\" class=\"attachment-thumbnail size-thumbnail\" alt=\"\" \/><\/a>\n\t\t\t<\/div><\/figure><figure class='gallery-item'>\n\t\t\t<div class='gallery-icon portrait'>\n\t\t\t\t<a class=\"th post-thumbnail zoom\" href='https:\/\/www.convittocampanella.edu.it\/wbs\/wp-content\/uploads\/2024\/06\/WhatsApp-Image-2024-06-06-at-09.17.06.jpeg'><img loading=\"lazy\" decoding=\"async\" width=\"150\" height=\"150\" src=\"https:\/\/www.convittocampanella.edu.it\/wbs\/wp-content\/uploads\/2024\/06\/WhatsApp-Image-2024-06-06-at-09.17.06-150x150.jpeg\" class=\"attachment-thumbnail size-thumbnail\" alt=\"\" \/><\/a>\n\t\t\t<\/div><\/figure>\n\t\t<\/div>\n\n<p>&nbsp;<\/p>\n","protected":false},"excerpt":{"rendered":"<p>Il Convitto Nazionale \u201cTommaso Campanella\u201d, alle finali dei Giochi Matematici dell\u2019Universit\u00e0 Bocconi. Una straordinaria esperienza, quella vissuta da sette alunni del nostro Istituto che, da un\u2019aula scolastica li ha proiettati in una straordinaria realt\u00e0, catapultandoli in una delle pi\u00f9 prestigiose Universit\u00e0 d\u2019Italia, la Bocconi di Milano. Gli allievi, a suon di numeri, logica, intuizione e &hellip;<\/p>\n","protected":false},"author":3,"featured_media":31737,"comment_status":"closed","ping_status":"closed","sticky":false,"template":"","format":"standard","meta":{"footnotes":""},"categories":[94],"tags":[],"class_list":["post-31736","post","type-post","status-publish","format-standard","has-post-thumbnail","hentry","category-attivita-ed-eventi"],"featured_image_src":"https:\/\/www.convittocampanella.edu.it\/wbs\/wp-content\/uploads\/2024\/06\/COPIA-WhatsApp-Image-2024-06-06-at-09.17.05.jpeg","author_info":{"display_name":"Segreteria1","author_link":"https:\/\/www.convittocampanella.edu.it\/wbs"},"_links":{"self":[{"href":"https:\/\/www.convittocampanella.edu.it\/wbs\/wp-json\/wp\/v2\/posts\/31736","targetHints":{"allow":["GET"]}}],"collection":[{"href":"https:\/\/www.convittocampanella.edu.it\/wbs\/wp-json\/wp\/v2\/posts"}],"about":[{"href":"https:\/\/www.convittocampanella.edu.it\/wbs\/wp-json\/wp\/v2\/types\/post"}],"author":[{"embeddable":true,"href":"https:\/\/www.convittocampanella.edu.it\/wbs\/wp-json\/wp\/v2\/users\/3"}],"replies":[{"embeddable":true,"href":"https:\/\/www.convittocampanella.edu.it\/wbs\/wp-json\/wp\/v2\/comments?post=31736"}],"version-history":[{"count":0,"href":"https:\/\/www.convittocampanella.edu.it\/wbs\/wp-json\/wp\/v2\/posts\/31736\/revisions"}],"wp:featuredmedia":[{"embeddable":true,"href":"https:\/\/www.convittocampanella.edu.it\/wbs\/wp-json\/wp\/v2\/media\/31737"}],"wp:attachment":[{"href":"https:\/\/www.convittocampanella.edu.it\/wbs\/wp-json\/wp\/v2\/media?parent=31736"}],"wp:term":[{"taxonomy":"category","embeddable":true,"href":"https:\/\/www.convittocampanella.edu.it\/wbs\/wp-json\/wp\/v2\/categories?post=31736"},{"taxonomy":"post_tag","embeddable":true,"href":"https:\/\/www.convittocampanella.edu.it\/wbs\/wp-json\/wp\/v2\/tags?post=31736"}],"curies":[{"name":"wp","href":"https:\/\/api.w.org\/{rel}","templated":true}]}}