{"id":29130,"date":"2023-11-03T11:58:10","date_gmt":"2023-11-03T10:58:10","guid":{"rendered":"https:\/\/www.convittocampanella.edu.it\/wbs\/?p=29130"},"modified":"2023-11-03T11:58:10","modified_gmt":"2023-11-03T10:58:10","slug":"scuola-secondaria-ii-grado-incontro-con-m-me-leila-chaib-attachee-de-cooperation-pour-le-francais","status":"publish","type":"post","link":"https:\/\/www.convittocampanella.edu.it\/wbs\/scuola-secondaria-ii-grado-incontro-con-m-me-leila-chaib-attachee-de-cooperation-pour-le-francais\/","title":{"rendered":"Scuola secondaria II grado. Incontro con M.me Leila Chaib, Attach\u00e9e de coop\u00e9ration pour le fran\u00e7ais"},"content":{"rendered":"<p><a href=\"https:\/\/www.convittocampanella.edu.it\/wbs\/wp-content\/uploads\/2023\/11\/20231103_esabac_incontro_attachee_chaib_-7_novembre.pdf\">Scuola secondaria II grado. Incontro con M.me Leila Chaib, Attach\u00e9e de coop\u00e9ration pour le fran\u00e7ais<\/a><\/p>\n<a href=\"https:\/\/www.convittocampanella.edu.it\/wbs\/wp-content\/uploads\/2023\/11\/20231103_esabac_incontro_attachee_chaib_-7_novembre.pdf\" class=\"pdfemb-viewer\" style=\"height:900px;\" data-width=\"max\" data-height=\"900\" data-toolbar=\"top\" data-toolbar-fixed=\"off\">20231103_esabac_incontro_attachee_chaib_ 7_novembre<\/a>\n","protected":false},"excerpt":{"rendered":"<p>Scuola secondaria II grado. Incontro con M.me Leila Chaib, Attach\u00e9e de coop\u00e9ration pour le fran\u00e7ais<\/p>\n","protected":false},"author":3,"featured_media":0,"comment_status":"closed","ping_status":"closed","sticky":false,"template":"","format":"standard","meta":{"footnotes":""},"categories":[13],"tags":[],"class_list":["post-29130","post","type-post","status-publish","format-standard","hentry","category-news"],"featured_image_src":null,"author_info":{"display_name":"Segreteria1","author_link":"https:\/\/www.convittocampanella.edu.it\/wbs"},"_links":{"self":[{"href":"https:\/\/www.convittocampanella.edu.it\/wbs\/wp-json\/wp\/v2\/posts\/29130","targetHints":{"allow":["GET"]}}],"collection":[{"href":"https:\/\/www.convittocampanella.edu.it\/wbs\/wp-json\/wp\/v2\/posts"}],"about":[{"href":"https:\/\/www.convittocampanella.edu.it\/wbs\/wp-json\/wp\/v2\/types\/post"}],"author":[{"embeddable":true,"href":"https:\/\/www.convittocampanella.edu.it\/wbs\/wp-json\/wp\/v2\/users\/3"}],"replies":[{"embeddable":true,"href":"https:\/\/www.convittocampanella.edu.it\/wbs\/wp-json\/wp\/v2\/comments?post=29130"}],"version-history":[{"count":0,"href":"https:\/\/www.convittocampanella.edu.it\/wbs\/wp-json\/wp\/v2\/posts\/29130\/revisions"}],"wp:attachment":[{"href":"https:\/\/www.convittocampanella.edu.it\/wbs\/wp-json\/wp\/v2\/media?parent=29130"}],"wp:term":[{"taxonomy":"category","embeddable":true,"href":"https:\/\/www.convittocampanella.edu.it\/wbs\/wp-json\/wp\/v2\/categories?post=29130"},{"taxonomy":"post_tag","embeddable":true,"href":"https:\/\/www.convittocampanella.edu.it\/wbs\/wp-json\/wp\/v2\/tags?post=29130"}],"curies":[{"name":"wp","href":"https:\/\/api.w.org\/{rel}","templated":true}]}}