{"id":27087,"date":"2023-03-15T12:17:20","date_gmt":"2023-03-15T11:17:20","guid":{"rendered":"https:\/\/www.convittocampanella.edu.it\/wbs\/?p=27087"},"modified":"2023-03-15T12:22:55","modified_gmt":"2023-03-15T11:22:55","slug":"scuola-secondaria-i-e-ii-grado-semifinale-dei-campionati-internazionali-di-giochi-matematici-promossi-dalluniversita-bocconi","status":"publish","type":"post","link":"https:\/\/www.convittocampanella.edu.it\/wbs\/scuola-secondaria-i-e-ii-grado-semifinale-dei-campionati-internazionali-di-giochi-matematici-promossi-dalluniversita-bocconi\/","title":{"rendered":"Scuola secondaria I e II grado &#8211; semifinale dei Campionati Internazionali di Giochi matematici promossi dall\u2019Universit\u00e0 Bocconi."},"content":{"rendered":"<p>40 Studenti del Convitto Nazionale di Stato \u201cTommaso Campanella\u201d, ammessi alla semifinale dei Campionati Internazionali di Giochi matematici promossi dall\u2019Universit\u00e0 Bocconi.<\/p>\n<p style=\"text-align: justify;\">Non tutto ci\u00f2 che conta pu\u00f2 essere contato. Non tutto ci\u00f2 che pu\u00f2 essere contato conta. (Albert Einstein).<br \/>\nSabato 4 marzo u.s. si sono svolti, on line, i Quarti di finale dei Campionati Internazionali di Giochi matematici, organizzati dal Centro PRISTEM dell\u2019Universit\u00e0 Bocconi e giunti, in Italia, alla trentesima edizione.<br \/>\nGli Studenti del Convitto, fatto proprio lo slogan dei Campionati, con \u201cLogica, intuizione e fantasia\u201d hanno disputato la gara con grande impegno e tanta seriet\u00e0, raggiungendo risultati degni di nota.<br \/>\nSuperata la prima fase, sono stati ammessi alla semifinale, per la categoria C1 (Classi prime e seconde della Scuola Secondaria di I grado): Calabr\u00f2 Riccardo, Ceravolo Flavio, Russo Carlotta, Russo Alice, Baccillieri Andrea Maria, Barresi Benedetta, Porcelli Marinella, Pizzi Clara Maria, (classe 2^F); Ioppolo Beatrice, Griso Bartolo Andrea, La Camera Marta, Quattrone Paolo, Alampi Marta, Martino Matilde (classe 1^C); Cerchiara Manuela, Gattuso Riccardo Antonino, Festa Brandon (classe 1^B); Filocamo Francesco, Sgarlato Leonardo, Federico Giorgia (classe 2^C); Massara Alice, Familiari Lorain (classe 2^A); Di Bella Danilo (classe 1^F); Federico Rossetti Ginevra, Calidona Carmelo (classe 2^B).<br \/>\nPer la categoria C2 (Classi terze della Scuola Secondaria di I grado e classi prime della Scuola Secondaria di II grado): Martino Giovanni, Foti Marica, Sarleti Michele (Classe 3^E), Chil\u00e0 Lorenzo, Frangipane Daniel (classe 3^F); Merenda Federico, Plutino Giulia, Cuzzucoli Chiara (classe 3^A); Longo Chiara Pia, Durante Monica, Sgarlato Salvatore, Postorino Giorgia (classe 3^C).<br \/>\nPe la categoria L1 (Classi seconde, terze e quarte della Scuola Secondaria di II grado): Liconti Allegra (classe 3^C liceo classico europeo); Baccillieri Luca Maria (classe 3^A liceo classico).<br \/>\nPer la categoria L2 (Classi quinte della Scuola Secondaria di II grado): Marino Veronica Rita (classe 5^A liceo classico).<br \/>\nI \u201dgiochisti\u201d, supportati dalla Professoressa Caterina Maria Ielo, referente d\u2019istituto per i giochi matematici,<br \/>\ndisputeranno la semifinale, sabato 18 marzo p.v., presso il Liceo Scientifico \u201cAlessandro Volta\u201d di Reggio Calabria<\/p>\n<div id='gallery-1' class='gallery galleryid-27087 gallery-columns-4 gallery-size-thumbnail'><figure class='gallery-item'>\n\t\t\t<div class='gallery-icon portrait'>\n\t\t\t\t<a class=\"th post-thumbnail zoom\" href='https:\/\/www.convittocampanella.edu.it\/wbs\/wp-content\/uploads\/2023\/03\/d1a4c0f1-f0cf-4dd3-9a3e-bfbd1e44a71e.jpg'><img loading=\"lazy\" decoding=\"async\" width=\"150\" height=\"150\" src=\"https:\/\/www.convittocampanella.edu.it\/wbs\/wp-content\/uploads\/2023\/03\/d1a4c0f1-f0cf-4dd3-9a3e-bfbd1e44a71e-150x150.jpg\" class=\"attachment-thumbnail size-thumbnail\" alt=\"\" \/><\/a>\n\t\t\t<\/div><\/figure><figure class='gallery-item'>\n\t\t\t<div class='gallery-icon portrait'>\n\t\t\t\t<a class=\"th post-thumbnail zoom\" href='https:\/\/www.convittocampanella.edu.it\/wbs\/wp-content\/uploads\/2023\/03\/45e367d1-795c-43da-865f-241042737b5b.jpg'><img loading=\"lazy\" decoding=\"async\" width=\"150\" height=\"150\" src=\"https:\/\/www.convittocampanella.edu.it\/wbs\/wp-content\/uploads\/2023\/03\/45e367d1-795c-43da-865f-241042737b5b-150x150.jpg\" class=\"attachment-thumbnail size-thumbnail\" alt=\"\" \/><\/a>\n\t\t\t<\/div><\/figure><figure class='gallery-item'>\n\t\t\t<div class='gallery-icon portrait'>\n\t\t\t\t<a class=\"th post-thumbnail zoom\" href='https:\/\/www.convittocampanella.edu.it\/wbs\/wp-content\/uploads\/2023\/03\/0df27c74-1417-41b1-90bc-54e79e0f3a46.jpg'><img loading=\"lazy\" decoding=\"async\" width=\"150\" height=\"150\" src=\"https:\/\/www.convittocampanella.edu.it\/wbs\/wp-content\/uploads\/2023\/03\/0df27c74-1417-41b1-90bc-54e79e0f3a46-150x150.jpg\" class=\"attachment-thumbnail size-thumbnail\" alt=\"\" \/><\/a>\n\t\t\t<\/div><\/figure><figure class='gallery-item'>\n\t\t\t<div class='gallery-icon portrait'>\n\t\t\t\t<a class=\"th post-thumbnail zoom\" href='https:\/\/www.convittocampanella.edu.it\/wbs\/wp-content\/uploads\/2023\/03\/copia-dc5e81c3-b958-4cdc-964e-be9205fd96a9-1.jpg'><img loading=\"lazy\" decoding=\"async\" width=\"150\" height=\"150\" src=\"https:\/\/www.convittocampanella.edu.it\/wbs\/wp-content\/uploads\/2023\/03\/copia-dc5e81c3-b958-4cdc-964e-be9205fd96a9-1-150x150.jpg\" class=\"attachment-thumbnail size-thumbnail\" alt=\"\" \/><\/a>\n\t\t\t<\/div><\/figure>\n\t\t<\/div>\n\n<p>&nbsp;<\/p>\n<p>&nbsp;<\/p>\n","protected":false},"excerpt":{"rendered":"<p>40 Studenti del Convitto Nazionale di Stato \u201cTommaso Campanella\u201d, ammessi alla semifinale dei Campionati Internazionali di Giochi matematici promossi dall\u2019Universit\u00e0 Bocconi. Non tutto ci\u00f2 che conta pu\u00f2 essere contato. Non tutto ci\u00f2 che pu\u00f2 essere contato conta. (Albert Einstein). Sabato 4 marzo u.s. si sono svolti, on line, i Quarti di finale dei Campionati Internazionali &hellip;<\/p>\n","protected":false},"author":3,"featured_media":27092,"comment_status":"closed","ping_status":"closed","sticky":false,"template":"","format":"standard","meta":{"footnotes":""},"categories":[94],"tags":[],"class_list":["post-27087","post","type-post","status-publish","format-standard","has-post-thumbnail","hentry","category-attivita-ed-eventi"],"featured_image_src":"https:\/\/www.convittocampanella.edu.it\/wbs\/wp-content\/uploads\/2023\/03\/copia-dc5e81c3-b958-4cdc-964e-be9205fd96a9.jpg","author_info":{"display_name":"Segreteria1","author_link":"https:\/\/www.convittocampanella.edu.it\/wbs"},"_links":{"self":[{"href":"https:\/\/www.convittocampanella.edu.it\/wbs\/wp-json\/wp\/v2\/posts\/27087","targetHints":{"allow":["GET"]}}],"collection":[{"href":"https:\/\/www.convittocampanella.edu.it\/wbs\/wp-json\/wp\/v2\/posts"}],"about":[{"href":"https:\/\/www.convittocampanella.edu.it\/wbs\/wp-json\/wp\/v2\/types\/post"}],"author":[{"embeddable":true,"href":"https:\/\/www.convittocampanella.edu.it\/wbs\/wp-json\/wp\/v2\/users\/3"}],"replies":[{"embeddable":true,"href":"https:\/\/www.convittocampanella.edu.it\/wbs\/wp-json\/wp\/v2\/comments?post=27087"}],"version-history":[{"count":0,"href":"https:\/\/www.convittocampanella.edu.it\/wbs\/wp-json\/wp\/v2\/posts\/27087\/revisions"}],"wp:featuredmedia":[{"embeddable":true,"href":"https:\/\/www.convittocampanella.edu.it\/wbs\/wp-json\/wp\/v2\/media\/27092"}],"wp:attachment":[{"href":"https:\/\/www.convittocampanella.edu.it\/wbs\/wp-json\/wp\/v2\/media?parent=27087"}],"wp:term":[{"taxonomy":"category","embeddable":true,"href":"https:\/\/www.convittocampanella.edu.it\/wbs\/wp-json\/wp\/v2\/categories?post=27087"},{"taxonomy":"post_tag","embeddable":true,"href":"https:\/\/www.convittocampanella.edu.it\/wbs\/wp-json\/wp\/v2\/tags?post=27087"}],"curies":[{"name":"wp","href":"https:\/\/api.w.org\/{rel}","templated":true}]}}