{"id":25840,"date":"2022-10-11T13:15:08","date_gmt":"2022-10-11T11:15:08","guid":{"rendered":"https:\/\/www.convittocampanella.edu.it\/wbs\/?p=25840"},"modified":"2022-10-11T13:16:56","modified_gmt":"2022-10-11T11:16:56","slug":"scuola-sec-i-e-ii-grado-conclusione-del-progetto-tra-le-case","status":"publish","type":"post","link":"https:\/\/www.convittocampanella.edu.it\/wbs\/scuola-sec-i-e-ii-grado-conclusione-del-progetto-tra-le-case\/","title":{"rendered":"Scuola sec. I e II grado &#8211; Conclusione del Progetto &#8220;Tra le case&#8221;"},"content":{"rendered":"<p><strong><u>Conclusione del Progetto \u201cTra le case\u201d<\/u><\/strong><\/p>\n<p style=\"text-align: justify;\">Si \u00e8 svolto oggi, 10 Ottobre alle ore 17:30, presso l\u2019Aula Magna dell\u2019Universit\u00e0 per Stranieri \u201cDante Alighieri\u201d l\u2019evento finale del Progetto \u201c<strong>Tra le case\u201d.<\/strong><\/p>\n<p style=\"text-align: justify;\">L\u2019iniziativa, di mera finalit\u00e0 aggregativa, \u00e8 stata supportata dai fondi del Dipartimento delle Politiche per la Famiglia, presidenza del Consiglio dei Ministri, che ne tutela i diritti in tutte le sue componenti e le sue problematiche generazionali. Ha visto coinvolti, come enti promotori costituiti in ATS (Associazione Temporanea\u00a0di Scopo), oltre la parrocchia protopapale S. Maria Cattolica dei Greci in qualit\u00e0 di capofila; il <strong>Convitto Nazionale \u201cT. Campanella<\/strong>\u201d; l\u2019Universit\u00e0 \u201cMediterranea\u201d, la \u201cDante Alighieri\u201d, la citt\u00e0 metropolitana di Reggio Calabria, i comuni di Reggio Calabria, di Santo Stefano di Aspromonte, di Radda in Chianti (Si); le parrocchie di Gaiole in Chianti (Si), di Panzano (Fi), di Radda in Chianti (Si). L\u2019incontro si \u00e8 rivelato intenso e partecipato, stimolato dagli interventi dei relatori presenti. Essi si sono costituiti partner del progetto, tutti con l\u2019obiettivo di attivare una \u201ccomunit\u00e0 educante\u201d. Tra questi: il dott. Antonio Zumbo Rettore dell\u2019Universit\u00e0 \u201cDante Alighieri\u201d di Reggio Calabria, la Dirigente del Convitto dott.ssa <strong>Francesca Arena,<\/strong> Don Valerio Chiovaro, la coordinatrice dei lavori dott.ssa Anna Maria Polimeni e i diversi tutor dei Laboratori che hanno seguito direttamente gli allievi. Attestazioni di partecipazione e adesione sono pervenute dalla prezenza del Rettore dell\u2019Universit\u00e0 Mediterranea dott. Giuseppe Zimbalatti, del dott. Lamberti Castronuovo, della senatrice Tilde Minasi, del sindaco di Santo Stefano dott. Francesco Malara, e dal sindaco della citt\u00e0 metropolitana avv. Carmelo Versace.<\/p>\n<p style=\"text-align: justify;\">I destinatari principali del progetto sono stati ragazze e ragazzi appartenenti alle classi della Scuola secondaria di I e II grado annesse al Convitto.<\/p>\n<p style=\"text-align: justify;\">A questi \u00e8 stata offerta una comunit\u00e0 educante concreta, operante attraverso quattro modalit\u00e0:<\/p>\n<ul style=\"text-align: justify;\">\n<li><strong>luoghi<\/strong>(<em>fisici<\/em>: la casa della comunit\u00e0;\u00a0<em>virtuali<\/em>: il portale della comunit\u00e0);<\/li>\n<li><strong>occasioni<\/strong>(attivit\u00e0 formative; esperienze residenziali;\u00a0volontariato intergenerazionale);<\/li>\n<li><strong>persone<\/strong>(educatori; docenti; tutor; esperti; modelli educativi);<\/li>\n<li><strong>buone pratiche\u00a0<\/strong>(viaggi e visite residenziali su territorio provinciale e nazionale).<\/li>\n<\/ul>\n<p style=\"text-align: justify;\">Tutto ci\u00f2 per rafforzare\u00a0processi di reciprocit\u00e0, conoscenze, emozioni ed esperienze, sia all\u2019interno che all\u2019esterno del contesto familiare. Per far maturare la predisposizione alla resilienza e stimolare il pensiero costruttivo. Ma anche per promuovere una condivisione dinamica di iniziative con altre realt\u00e0 comunitarie, sentendosi parte di un tessuto pi\u00f9 ampio del proprio quartiere.<\/p>\n<div id='gallery-1' class='gallery galleryid-25840 gallery-columns-3 gallery-size-thumbnail'><figure class='gallery-item'>\n\t\t\t<div class='gallery-icon portrait'>\n\t\t\t\t<a class=\"th post-thumbnail zoom\" href='https:\/\/www.convittocampanella.edu.it\/wbs\/wp-content\/uploads\/2022\/10\/9fe54022-a794-4d80-9382-e3407f48af4e.jpg'><img loading=\"lazy\" decoding=\"async\" width=\"150\" height=\"150\" src=\"https:\/\/www.convittocampanella.edu.it\/wbs\/wp-content\/uploads\/2022\/10\/9fe54022-a794-4d80-9382-e3407f48af4e-150x150.jpg\" class=\"attachment-thumbnail size-thumbnail\" alt=\"\" \/><\/a>\n\t\t\t<\/div><\/figure><figure class='gallery-item'>\n\t\t\t<div class='gallery-icon portrait'>\n\t\t\t\t<a class=\"th post-thumbnail zoom\" href='https:\/\/www.convittocampanella.edu.it\/wbs\/wp-content\/uploads\/2022\/10\/5204d286-6c52-4355-be00-1e1b2522d6c5.jpg'><img loading=\"lazy\" decoding=\"async\" width=\"150\" height=\"150\" src=\"https:\/\/www.convittocampanella.edu.it\/wbs\/wp-content\/uploads\/2022\/10\/5204d286-6c52-4355-be00-1e1b2522d6c5-150x150.jpg\" class=\"attachment-thumbnail size-thumbnail\" alt=\"\" \/><\/a>\n\t\t\t<\/div><\/figure><figure class='gallery-item'>\n\t\t\t<div class='gallery-icon landscape'>\n\t\t\t\t<a class=\"th post-thumbnail zoom\" href='https:\/\/www.convittocampanella.edu.it\/wbs\/wp-content\/uploads\/2022\/10\/f418c728-6dc0-40f5-a0b9-c6486f1ae28e.jpg'><img loading=\"lazy\" decoding=\"async\" width=\"150\" height=\"150\" src=\"https:\/\/www.convittocampanella.edu.it\/wbs\/wp-content\/uploads\/2022\/10\/f418c728-6dc0-40f5-a0b9-c6486f1ae28e-150x150.jpg\" class=\"attachment-thumbnail size-thumbnail\" alt=\"\" \/><\/a>\n\t\t\t<\/div><\/figure>\n\t\t<\/div>\n\n<p>&nbsp;<\/p>\n<p style=\"text-align: justify;\">\n","protected":false},"excerpt":{"rendered":"<p>Conclusione del Progetto \u201cTra le case\u201d Si \u00e8 svolto oggi, 10 Ottobre alle ore 17:30, presso l\u2019Aula Magna dell\u2019Universit\u00e0 per Stranieri \u201cDante Alighieri\u201d l\u2019evento finale del Progetto \u201cTra le case\u201d. L\u2019iniziativa, di mera finalit\u00e0 aggregativa, \u00e8 stata supportata dai fondi del Dipartimento delle Politiche per la Famiglia, presidenza del Consiglio dei Ministri, che ne tutela &hellip;<\/p>\n","protected":false},"author":3,"featured_media":25841,"comment_status":"closed","ping_status":"closed","sticky":false,"template":"","format":"standard","meta":{"footnotes":""},"categories":[94],"tags":[],"class_list":["post-25840","post","type-post","status-publish","format-standard","has-post-thumbnail","hentry","category-attivita-ed-eventi"],"featured_image_src":"https:\/\/www.convittocampanella.edu.it\/wbs\/wp-content\/uploads\/2022\/10\/6eb9f833-8c3b-482f-bad8-432da68f731c.jpg-COPIA.jpg","author_info":{"display_name":"Segreteria1","author_link":"https:\/\/www.convittocampanella.edu.it\/wbs"},"_links":{"self":[{"href":"https:\/\/www.convittocampanella.edu.it\/wbs\/wp-json\/wp\/v2\/posts\/25840","targetHints":{"allow":["GET"]}}],"collection":[{"href":"https:\/\/www.convittocampanella.edu.it\/wbs\/wp-json\/wp\/v2\/posts"}],"about":[{"href":"https:\/\/www.convittocampanella.edu.it\/wbs\/wp-json\/wp\/v2\/types\/post"}],"author":[{"embeddable":true,"href":"https:\/\/www.convittocampanella.edu.it\/wbs\/wp-json\/wp\/v2\/users\/3"}],"replies":[{"embeddable":true,"href":"https:\/\/www.convittocampanella.edu.it\/wbs\/wp-json\/wp\/v2\/comments?post=25840"}],"version-history":[{"count":0,"href":"https:\/\/www.convittocampanella.edu.it\/wbs\/wp-json\/wp\/v2\/posts\/25840\/revisions"}],"wp:featuredmedia":[{"embeddable":true,"href":"https:\/\/www.convittocampanella.edu.it\/wbs\/wp-json\/wp\/v2\/media\/25841"}],"wp:attachment":[{"href":"https:\/\/www.convittocampanella.edu.it\/wbs\/wp-json\/wp\/v2\/media?parent=25840"}],"wp:term":[{"taxonomy":"category","embeddable":true,"href":"https:\/\/www.convittocampanella.edu.it\/wbs\/wp-json\/wp\/v2\/categories?post=25840"},{"taxonomy":"post_tag","embeddable":true,"href":"https:\/\/www.convittocampanella.edu.it\/wbs\/wp-json\/wp\/v2\/tags?post=25840"}],"curies":[{"name":"wp","href":"https:\/\/api.w.org\/{rel}","templated":true}]}}