{"id":24330,"date":"2022-02-03T12:34:37","date_gmt":"2022-02-03T11:34:37","guid":{"rendered":"https:\/\/www.convittocampanella.edu.it\/wbs\/?p=24330"},"modified":"2022-02-03T12:41:21","modified_gmt":"2022-02-03T11:41:21","slug":"partecipazione-alla-nuit-de-la-lecture-alunne-liceo-classico-europeo-esabac-23-gennaio","status":"publish","type":"post","link":"https:\/\/www.convittocampanella.edu.it\/wbs\/partecipazione-alla-nuit-de-la-lecture-alunne-liceo-classico-europeo-esabac-23-gennaio\/","title":{"rendered":"Partecipazione alla \u201cNuit de la Lecture\u201d alunne Liceo Classico Europeo ESABAC &#8211; 23 Gennaio"},"content":{"rendered":"<p><strong>Due alunne del Liceo Classico Europeo ESABAC alla \u201cNuit de la lecture\u201d<\/strong><\/p>\n<p style=\"text-align: justify;\">Le alunne Francesca Martino e Giulia Scimoni della seconda Esabac del Liceo Classico Europeo del Convitto hanno partecipato alla \u201cNuit de la Lecture\u201d del 23 Gennaio organizzata dalle Alliances Fran\u00e7aises di Rimini e S. Marino e a cui hanno aderito 10 Alliances italiane. L\u2019incontro, svoltosi online, a partire dalle 19:00 proponeva delle letture di brani sul tema dell\u2019AMORE. Scrittori e professori hanno presentato testi poetici e brani tratti da romanzi celebri o di loro produzione. L\u2019Alliance di Reggio Calabria, con la sua Presidente, prof.ssa Iris German\u00f2, ha pensato che bisognava coinvolgere due alunne motivate e pronte a partecipare a questo straordinario avvenimento. Quale migliore opportunit\u00e0 per delle liceali Esabac del Convitto che si stanno preparando a raccogliere le sfide del progresso, anche nel campo della comunicazione culturale, con una proposta attuale: il doppio diploma francese e italiano!<\/p>\n<p style=\"text-align: justify;\">Il Convitto di Reggio Calabria con la sua Dirigente Dr.ssa Francesca Arena prepara le giovani generazioni al futuro con una didattica sempre attuale, coinvolgente e inclusiva.<\/p>\n<p style=\"text-align: justify;\">Un pubblico vasto (120 persone presenti on line) ha applaudito e si \u00e8 complimentato con le due liceali che hanno letto in francese due poesie di Pr\u00e9vert e di V.Hugo. Una delle ascoltatrici ha dichiarato che, se il nostro futuro \u00e8 rappresentato da giovani come le due lettrici del Convitto, si pu\u00f2 ben sperare!<\/p>\n<p>&nbsp;<\/p>\n<div id='gallery-1' class='gallery galleryid-24330 gallery-columns-1 gallery-size-thumbnail'><figure class='gallery-item'>\n\t\t\t<div class='gallery-icon landscape'>\n\t\t\t\t<a class=\"th post-thumbnail zoom\" href='https:\/\/www.convittocampanella.edu.it\/wbs\/wp-content\/uploads\/2022\/02\/AF-la-nuit-de-la-lecture-2-1.jpg'><img loading=\"lazy\" decoding=\"async\" width=\"150\" height=\"150\" src=\"https:\/\/www.convittocampanella.edu.it\/wbs\/wp-content\/uploads\/2022\/02\/AF-la-nuit-de-la-lecture-2-1-150x150.jpg\" class=\"attachment-thumbnail size-thumbnail\" alt=\"\" \/><\/a>\n\t\t\t<\/div><\/figure>\n\t\t<\/div>\n\n<p>&nbsp;<\/p>\n<p>&nbsp;<\/p>\n","protected":false},"excerpt":{"rendered":"<p>Due alunne del Liceo Classico Europeo ESABAC alla \u201cNuit de la lecture\u201d Le alunne Francesca Martino e Giulia Scimoni della seconda Esabac del Liceo Classico Europeo del Convitto hanno partecipato alla \u201cNuit de la Lecture\u201d del 23 Gennaio organizzata dalle Alliances Fran\u00e7aises di Rimini e S. Marino e a cui hanno aderito 10 Alliances italiane. &hellip;<\/p>\n","protected":false},"author":3,"featured_media":24331,"comment_status":"closed","ping_status":"closed","sticky":false,"template":"","format":"standard","meta":{"footnotes":""},"categories":[94],"tags":[],"class_list":["post-24330","post","type-post","status-publish","format-standard","has-post-thumbnail","hentry","category-attivita-ed-eventi"],"featured_image_src":"https:\/\/www.convittocampanella.edu.it\/wbs\/wp-content\/uploads\/2022\/02\/AF-la-nuit-de-la-lecture-2-1.jpg","author_info":{"display_name":"Segreteria1","author_link":"https:\/\/www.convittocampanella.edu.it\/wbs"},"_links":{"self":[{"href":"https:\/\/www.convittocampanella.edu.it\/wbs\/wp-json\/wp\/v2\/posts\/24330","targetHints":{"allow":["GET"]}}],"collection":[{"href":"https:\/\/www.convittocampanella.edu.it\/wbs\/wp-json\/wp\/v2\/posts"}],"about":[{"href":"https:\/\/www.convittocampanella.edu.it\/wbs\/wp-json\/wp\/v2\/types\/post"}],"author":[{"embeddable":true,"href":"https:\/\/www.convittocampanella.edu.it\/wbs\/wp-json\/wp\/v2\/users\/3"}],"replies":[{"embeddable":true,"href":"https:\/\/www.convittocampanella.edu.it\/wbs\/wp-json\/wp\/v2\/comments?post=24330"}],"version-history":[{"count":0,"href":"https:\/\/www.convittocampanella.edu.it\/wbs\/wp-json\/wp\/v2\/posts\/24330\/revisions"}],"wp:featuredmedia":[{"embeddable":true,"href":"https:\/\/www.convittocampanella.edu.it\/wbs\/wp-json\/wp\/v2\/media\/24331"}],"wp:attachment":[{"href":"https:\/\/www.convittocampanella.edu.it\/wbs\/wp-json\/wp\/v2\/media?parent=24330"}],"wp:term":[{"taxonomy":"category","embeddable":true,"href":"https:\/\/www.convittocampanella.edu.it\/wbs\/wp-json\/wp\/v2\/categories?post=24330"},{"taxonomy":"post_tag","embeddable":true,"href":"https:\/\/www.convittocampanella.edu.it\/wbs\/wp-json\/wp\/v2\/tags?post=24330"}],"curies":[{"name":"wp","href":"https:\/\/api.w.org\/{rel}","templated":true}]}}