{"id":19339,"date":"2020-01-09T12:33:08","date_gmt":"2020-01-09T11:33:08","guid":{"rendered":"https:\/\/www.convittocampanella.edu.it\/wbs\/?p=19339"},"modified":"2020-01-09T12:41:48","modified_gmt":"2020-01-09T11:41:48","slug":"scuola-sec-i-grado-classi-2-partecipazione-spettacolo-dorian-gray-il-ritratto","status":"publish","type":"post","link":"https:\/\/www.convittocampanella.edu.it\/wbs\/scuola-sec-i-grado-classi-2-partecipazione-spettacolo-dorian-gray-il-ritratto\/","title":{"rendered":"Scuola sec. I grado-classi 2^: partecipazione spettacolo &#8220;Dorian Gray, il ritratto&#8221;"},"content":{"rendered":"<p style=\"text-align: justify;\"><strong>SCUOLA SECONDARIA DI PRIMO GRADO-CLASSI SECONDE: PARTECIPAZIONE SPETTACOLO \u201cDORIAN GRAY, IL RITRATTO\u201d.<\/strong><\/p>\n<p style=\"text-align: justify;\">Gli alunni delle classi seconde della Scuola Secondaria di Primo grado accompagnati dai docenti <strong>Barba, Branca, Bergamo, Ielo, Morabito, Polimeno, Romeo, Saponee<\/strong> <strong>Valeriani <\/strong>si sono recati il 9 Dicembre c.a.\u00a0 presso il teatro \u201c Francesco Cilea \u201c per partecipare allo spettacolo , della compagnia Teatri di carta, \u201cDorian Gray &#8211; il ritratto\u201d per la regia di <strong>Francesco Campanile<\/strong> e <strong>Tiziana Tesauro con Simone Caprio , Giulio Cavazzini, Nicola Tartarone e Salvatore Veneruso.<\/strong><\/p>\n<p style=\"text-align: justify;\">\u00a0\u201cIl ritratto di Dorian Gray\u201d , capolavoro di Oscar Wilde (Westland Row, 1854 \u2013 Parigi, 1900), ambientato nella Londra del XIX secolo \u00e8 la storia di un giovane dalla bellezza fuori dal comune che, ritratto dall\u2019amico pittore Basil Hallward e colpito dalla perfezione della sua effigie, decide di fare un patto con il diavolo: sar\u00e0 l\u2019immagine dipinta ad invecchiare al suo posto affinch\u00e9 il suo aspetto rimanga immutato. L\u2019opera,\u00a0 esprime il pensiero di Wilde sull\u2019arte intesa come bellezza e perfezione, ma anche dannazione.<\/p>\n<p style=\"text-align: justify;\">Liberamente ispirato al romanzo di Wilde, lo spettacolo sceglie di focalizzare l\u2019attenzione sui dubbi, le paure e le incertezze del giovane Dorian Gray che, dominato dalla sua stessa bellezza e illuso dalle parole degli amici, smarrisce se stesso fino a perdersi completamente. Chi \u00e8 Dorian? Qual \u00e8 il suo vero volto? Quello giovane e bello che tutti conoscono o quello sfigurato dai peccati e ritratto in un quadro? La sua storia ci mostra quanto \u00e8 facile cadere nelle trappole dell\u2019ego, vittime delle proprie debolezze, prestando ascolto alle lusinghe di chi sa illuderci, facendoci credere migliori degli altri. \u201cDorian Gray \u2013 il ritratto\u201d \u00e8 uno spettacolo sulla vanit\u00e0, sul bisogno di apparire piuttosto che essere, sull\u2019ossessione per l\u2019immagine di se stessi cos\u00ec diffusa tra i giovani di oggi. \u00c8 uno spettacolo che intende parlare ai ragazzi del bisogno di autenticit\u00e0, della necessit\u00e0 della consapevolezza di s\u00e9, offrendo uno spazio di riflessione sul bisogno di trovarsi con coraggio, fuori dai condizionamenti della societ\u00e0 dell\u2019immagine. Lo spettacolo nasce dall\u2019esigenza di raccontare ai giovani spettatori l\u2019importanza di restare fedeli a se stessi e alle proprie idee, in un tempo in cui \u00e8 sempre pi\u00f9 facile perdersi dietro alle trappole dell\u2019ego e alle amicizie sbagliate. I linguaggi espressivi scelti per raccontare questa storia sono il teatro di parola e la danza:\u00a0 il lavoro sul corpo e il movimento degli attori sono il punto di partenza per scrivere una partitura in cui parole e azioni si fondono dando vita a una vera e propria magia. Il regista ha scelto di dare corpo e voce all\u2019anima del protagonista, impersonata da un danzatore, facendola uscire dal quadro, sfondando, metaforicamente, la tela in cui \u00e8 imprigionata. Si ritrova faccia a faccia con Dorian, lotta con lui, lo attrae e lo respinge, dando vita ad una danza che \u00e8 la danza interiore di ogni uomo che decide di venire a patti con la sua zona d\u2019ombra. Se nell\u2019opera originale Dorian si rapporta ad un quadro, nello spettacolo il ritratto prende vita, diventa un vero e proprio personaggio che trasporta il pubblico direttamente dentro lo smarrimento interiore del protagonista. il nostro Dorian vuole parlare direttamente ai ragazzi mettendoli in guardia: si pu\u00f2 morire disperati e soli se non si ha il coraggio di crescere, scoprendo se stessi e facendo scelte autentiche di bene. Lo spettacolo racconta questo bisogno di autenticit\u00e0, di riflessione, di consapevolezza che andrebbe sempre ascoltato. \u00c8 un tema attuale che tocca da vicino i giovani, soprattutto nella societ\u00e0 odierna che \u00e8 sempre pi\u00f9 la societ\u00e0 dell\u2019immagine.<\/p>\n<p style=\"text-align: justify;\">La messa in scena sceglie di lavorare attraverso maschere, metafore e simboli, come un letto, luogo del peccato ma anche nascondiglio dei propri segreti, e oggetti vari che, inseriti nella cornice narrativa, acquisiscono nuovi significati e nuove valenze al fine di interrogare i giovani su temi universali e generali.<\/p>\n<div id='gallery-1' class='gallery galleryid-19339 gallery-columns-4 gallery-size-thumbnail'><figure class='gallery-item'>\n\t\t\t<div class='gallery-icon portrait'>\n\t\t\t\t<a class=\"th post-thumbnail zoom\" href='https:\/\/www.convittocampanella.edu.it\/wbs\/wp-content\/uploads\/2020\/01\/59cbdec4-7af2-4bd9-8d8b-b723ad98a127-2.jpg'><img loading=\"lazy\" decoding=\"async\" width=\"150\" height=\"150\" src=\"https:\/\/www.convittocampanella.edu.it\/wbs\/wp-content\/uploads\/2020\/01\/59cbdec4-7af2-4bd9-8d8b-b723ad98a127-2-150x150.jpg\" class=\"attachment-thumbnail size-thumbnail\" alt=\"\" \/><\/a>\n\t\t\t<\/div><\/figure><figure class='gallery-item'>\n\t\t\t<div class='gallery-icon portrait'>\n\t\t\t\t<a class=\"th post-thumbnail zoom\" href='https:\/\/www.convittocampanella.edu.it\/wbs\/wp-content\/uploads\/2020\/01\/3183b729-8d36-4fbb-a36b-bdec346f93eb.jpg'><img loading=\"lazy\" decoding=\"async\" width=\"150\" height=\"150\" src=\"https:\/\/www.convittocampanella.edu.it\/wbs\/wp-content\/uploads\/2020\/01\/3183b729-8d36-4fbb-a36b-bdec346f93eb-150x150.jpg\" class=\"attachment-thumbnail size-thumbnail\" alt=\"\" \/><\/a>\n\t\t\t<\/div><\/figure><figure class='gallery-item'>\n\t\t\t<div class='gallery-icon portrait'>\n\t\t\t\t<a class=\"th post-thumbnail zoom\" href='https:\/\/www.convittocampanella.edu.it\/wbs\/wp-content\/uploads\/2020\/01\/cc4eafc1-6455-4a81-a17e-9a201f10a071.jpg'><img loading=\"lazy\" decoding=\"async\" width=\"150\" height=\"150\" src=\"https:\/\/www.convittocampanella.edu.it\/wbs\/wp-content\/uploads\/2020\/01\/cc4eafc1-6455-4a81-a17e-9a201f10a071-150x150.jpg\" class=\"attachment-thumbnail size-thumbnail\" alt=\"\" \/><\/a>\n\t\t\t<\/div><\/figure><figure class='gallery-item'>\n\t\t\t<div class='gallery-icon portrait'>\n\t\t\t\t<a class=\"th post-thumbnail zoom\" href='https:\/\/www.convittocampanella.edu.it\/wbs\/wp-content\/uploads\/2020\/01\/4e15daf2-4a24-4aec-96cc-536920449eb5-4.jpg'><img loading=\"lazy\" decoding=\"async\" width=\"150\" height=\"150\" src=\"https:\/\/www.convittocampanella.edu.it\/wbs\/wp-content\/uploads\/2020\/01\/4e15daf2-4a24-4aec-96cc-536920449eb5-4-150x150.jpg\" class=\"attachment-thumbnail size-thumbnail\" alt=\"\" \/><\/a>\n\t\t\t<\/div><\/figure>\n\t\t<\/div>\n\n<p>&nbsp;<\/p>\n<p>&nbsp;<\/p>\n<p>&nbsp;<\/p>\n","protected":false},"excerpt":{"rendered":"<p>SCUOLA SECONDARIA DI PRIMO GRADO-CLASSI SECONDE: PARTECIPAZIONE SPETTACOLO \u201cDORIAN GRAY, IL RITRATTO\u201d. Gli alunni delle classi seconde della Scuola Secondaria di Primo grado accompagnati dai docenti Barba, Branca, Bergamo, Ielo, Morabito, Polimeno, Romeo, Saponee Valeriani si sono recati il 9 Dicembre c.a.\u00a0 presso il teatro \u201c Francesco Cilea \u201c per partecipare allo spettacolo , della &hellip;<\/p>\n","protected":false},"author":3,"featured_media":19341,"comment_status":"closed","ping_status":"closed","sticky":false,"template":"","format":"standard","meta":{"footnotes":""},"categories":[94,13],"tags":[],"class_list":["post-19339","post","type-post","status-publish","format-standard","has-post-thumbnail","hentry","category-attivita-ed-eventi","category-news"],"featured_image_src":"https:\/\/www.convittocampanella.edu.it\/wbs\/wp-content\/uploads\/2020\/01\/ae9a21c3-23cd-4025-8dd1-0d8510b27481.jpg","author_info":{"display_name":"Segreteria1","author_link":"https:\/\/www.convittocampanella.edu.it\/wbs"},"_links":{"self":[{"href":"https:\/\/www.convittocampanella.edu.it\/wbs\/wp-json\/wp\/v2\/posts\/19339","targetHints":{"allow":["GET"]}}],"collection":[{"href":"https:\/\/www.convittocampanella.edu.it\/wbs\/wp-json\/wp\/v2\/posts"}],"about":[{"href":"https:\/\/www.convittocampanella.edu.it\/wbs\/wp-json\/wp\/v2\/types\/post"}],"author":[{"embeddable":true,"href":"https:\/\/www.convittocampanella.edu.it\/wbs\/wp-json\/wp\/v2\/users\/3"}],"replies":[{"embeddable":true,"href":"https:\/\/www.convittocampanella.edu.it\/wbs\/wp-json\/wp\/v2\/comments?post=19339"}],"version-history":[{"count":0,"href":"https:\/\/www.convittocampanella.edu.it\/wbs\/wp-json\/wp\/v2\/posts\/19339\/revisions"}],"wp:featuredmedia":[{"embeddable":true,"href":"https:\/\/www.convittocampanella.edu.it\/wbs\/wp-json\/wp\/v2\/media\/19341"}],"wp:attachment":[{"href":"https:\/\/www.convittocampanella.edu.it\/wbs\/wp-json\/wp\/v2\/media?parent=19339"}],"wp:term":[{"taxonomy":"category","embeddable":true,"href":"https:\/\/www.convittocampanella.edu.it\/wbs\/wp-json\/wp\/v2\/categories?post=19339"},{"taxonomy":"post_tag","embeddable":true,"href":"https:\/\/www.convittocampanella.edu.it\/wbs\/wp-json\/wp\/v2\/tags?post=19339"}],"curies":[{"name":"wp","href":"https:\/\/api.w.org\/{rel}","templated":true}]}}