{"id":19100,"date":"2019-12-18T15:41:19","date_gmt":"2019-12-18T14:41:19","guid":{"rendered":"https:\/\/www.convittocampanella.edu.it\/wbs\/?p=19100"},"modified":"2019-12-18T15:43:53","modified_gmt":"2019-12-18T14:43:53","slug":"19100-2","status":"publish","type":"post","link":"https:\/\/www.convittocampanella.edu.it\/wbs\/19100-2\/","title":{"rendered":"Semiconvittori scuola sec. I grado: uscita palazzo della cultura"},"content":{"rendered":"<p style=\"text-align: justify;\"><strong>SEMICONVITTORI- SCUOLA SECONDARIA I GRADO: USCITA PALAZZO DELLA CULTURA<\/strong><\/p>\n<p style=\"text-align: justify;\">Giorno 17 dicembre i semiconvittori della Scuola Secondaria \u00a0I grado, guidati dalle docenti educatrici Sacc\u00e0, Galli e Cerro si sono recati al Palazzo della cultura della citt\u00e0, per visitare la mostra fotografica &#8220;<em>Aspromonte: identit\u00e0 e colori&#8221; <\/em>Guidati da Andrea Ciulla, guida ambientale escursionistica, i ragazzi attraverso le foto esposte sono stati stregati dalle bellezze del parco stesso.<\/p>\n<p style=\"text-align: justify;\">Tante le domande e curiosit\u00e0 suscitate dalle foto e dalle spiegazioni della guida.<\/p>\n<div id='gallery-1' class='gallery galleryid-19100 gallery-columns-3 gallery-size-thumbnail'><figure class='gallery-item'>\n\t\t\t<div class='gallery-icon landscape'>\n\t\t\t\t<a class=\"th post-thumbnail zoom\" href='https:\/\/www.convittocampanella.edu.it\/wbs\/wp-content\/uploads\/2019\/12\/39ec9a70-b8a0-479a-9b74-e063bc0b7f33.jpg'><img loading=\"lazy\" decoding=\"async\" width=\"150\" height=\"150\" src=\"https:\/\/www.convittocampanella.edu.it\/wbs\/wp-content\/uploads\/2019\/12\/39ec9a70-b8a0-479a-9b74-e063bc0b7f33-150x150.jpg\" class=\"attachment-thumbnail size-thumbnail\" alt=\"\" srcset=\"https:\/\/www.convittocampanella.edu.it\/wbs\/wp-content\/uploads\/2019\/12\/39ec9a70-b8a0-479a-9b74-e063bc0b7f33-150x150.jpg 150w, https:\/\/www.convittocampanella.edu.it\/wbs\/wp-content\/uploads\/2019\/12\/39ec9a70-b8a0-479a-9b74-e063bc0b7f33-300x300.jpg 300w\" sizes=\"auto, (max-width: 150px) 100vw, 150px\" \/><\/a>\n\t\t\t<\/div><\/figure><figure class='gallery-item'>\n\t\t\t<div class='gallery-icon landscape'>\n\t\t\t\t<a class=\"th post-thumbnail zoom\" href='https:\/\/www.convittocampanella.edu.it\/wbs\/wp-content\/uploads\/2019\/12\/66505742-9cf9-495a-82e3-f291d211fa21.jpg'><img loading=\"lazy\" decoding=\"async\" width=\"150\" height=\"150\" src=\"https:\/\/www.convittocampanella.edu.it\/wbs\/wp-content\/uploads\/2019\/12\/66505742-9cf9-495a-82e3-f291d211fa21-150x150.jpg\" class=\"attachment-thumbnail size-thumbnail\" alt=\"\" srcset=\"https:\/\/www.convittocampanella.edu.it\/wbs\/wp-content\/uploads\/2019\/12\/66505742-9cf9-495a-82e3-f291d211fa21-150x150.jpg 150w, https:\/\/www.convittocampanella.edu.it\/wbs\/wp-content\/uploads\/2019\/12\/66505742-9cf9-495a-82e3-f291d211fa21-300x300.jpg 300w\" sizes=\"auto, (max-width: 150px) 100vw, 150px\" \/><\/a>\n\t\t\t<\/div><\/figure><figure class='gallery-item'>\n\t\t\t<div class='gallery-icon landscape'>\n\t\t\t\t<a class=\"th post-thumbnail zoom\" href='https:\/\/www.convittocampanella.edu.it\/wbs\/wp-content\/uploads\/2019\/12\/c0ef6690-549c-470b-9b55-8f0c85725d87.jpg'><img loading=\"lazy\" decoding=\"async\" width=\"150\" height=\"150\" src=\"https:\/\/www.convittocampanella.edu.it\/wbs\/wp-content\/uploads\/2019\/12\/c0ef6690-549c-470b-9b55-8f0c85725d87-150x150.jpg\" class=\"attachment-thumbnail size-thumbnail\" alt=\"\" srcset=\"https:\/\/www.convittocampanella.edu.it\/wbs\/wp-content\/uploads\/2019\/12\/c0ef6690-549c-470b-9b55-8f0c85725d87-150x150.jpg 150w, https:\/\/www.convittocampanella.edu.it\/wbs\/wp-content\/uploads\/2019\/12\/c0ef6690-549c-470b-9b55-8f0c85725d87-300x300.jpg 300w\" sizes=\"auto, (max-width: 150px) 100vw, 150px\" \/><\/a>\n\t\t\t<\/div><\/figure><figure class='gallery-item'>\n\t\t\t<div class='gallery-icon portrait'>\n\t\t\t\t<a class=\"th post-thumbnail zoom\" href='https:\/\/www.convittocampanella.edu.it\/wbs\/wp-content\/uploads\/2019\/12\/0b35f152-4ddd-4b61-8f19-9d663a39b0ec.jpg'><img loading=\"lazy\" decoding=\"async\" width=\"150\" height=\"150\" src=\"https:\/\/www.convittocampanella.edu.it\/wbs\/wp-content\/uploads\/2019\/12\/0b35f152-4ddd-4b61-8f19-9d663a39b0ec-150x150.jpg\" class=\"attachment-thumbnail size-thumbnail\" alt=\"\" srcset=\"https:\/\/www.convittocampanella.edu.it\/wbs\/wp-content\/uploads\/2019\/12\/0b35f152-4ddd-4b61-8f19-9d663a39b0ec-150x150.jpg 150w, https:\/\/www.convittocampanella.edu.it\/wbs\/wp-content\/uploads\/2019\/12\/0b35f152-4ddd-4b61-8f19-9d663a39b0ec-300x300.jpg 300w\" sizes=\"auto, (max-width: 150px) 100vw, 150px\" \/><\/a>\n\t\t\t<\/div><\/figure><figure class='gallery-item'>\n\t\t\t<div class='gallery-icon portrait'>\n\t\t\t\t<a class=\"th post-thumbnail zoom\" href='https:\/\/www.convittocampanella.edu.it\/wbs\/wp-content\/uploads\/2019\/12\/e942e5dd-d10a-4fd6-b42e-08a06f6e540e.jpg'><img loading=\"lazy\" decoding=\"async\" width=\"150\" height=\"150\" src=\"https:\/\/www.convittocampanella.edu.it\/wbs\/wp-content\/uploads\/2019\/12\/e942e5dd-d10a-4fd6-b42e-08a06f6e540e-150x150.jpg\" class=\"attachment-thumbnail size-thumbnail\" alt=\"\" srcset=\"https:\/\/www.convittocampanella.edu.it\/wbs\/wp-content\/uploads\/2019\/12\/e942e5dd-d10a-4fd6-b42e-08a06f6e540e-150x150.jpg 150w, https:\/\/www.convittocampanella.edu.it\/wbs\/wp-content\/uploads\/2019\/12\/e942e5dd-d10a-4fd6-b42e-08a06f6e540e-300x300.jpg 300w\" sizes=\"auto, (max-width: 150px) 100vw, 150px\" \/><\/a>\n\t\t\t<\/div><\/figure>\n\t\t<\/div>\n\n<p>&nbsp;<\/p>\n","protected":false},"excerpt":{"rendered":"<p>SEMICONVITTORI- SCUOLA SECONDARIA I GRADO: USCITA PALAZZO DELLA CULTURA Giorno 17 dicembre i semiconvittori della Scuola Secondaria \u00a0I grado, guidati dalle docenti educatrici Sacc\u00e0, Galli e Cerro si sono recati al Palazzo della cultura della citt\u00e0, per visitare la mostra fotografica &#8220;Aspromonte: identit\u00e0 e colori&#8221; Guidati da Andrea Ciulla, guida ambientale escursionistica, i ragazzi attraverso &hellip;<\/p>\n","protected":false},"author":3,"featured_media":19101,"comment_status":"closed","ping_status":"closed","sticky":false,"template":"","format":"standard","meta":{"footnotes":""},"categories":[94,13],"tags":[],"class_list":["post-19100","post","type-post","status-publish","format-standard","has-post-thumbnail","hentry","category-attivita-ed-eventi","category-news"],"featured_image_src":"https:\/\/www.convittocampanella.edu.it\/wbs\/wp-content\/uploads\/2019\/12\/83e17d10-9ab2-4b21-8a22-11600141b119-COPIA.jpg","author_info":{"display_name":"Segreteria1","author_link":"https:\/\/www.convittocampanella.edu.it\/wbs"},"_links":{"self":[{"href":"https:\/\/www.convittocampanella.edu.it\/wbs\/wp-json\/wp\/v2\/posts\/19100","targetHints":{"allow":["GET"]}}],"collection":[{"href":"https:\/\/www.convittocampanella.edu.it\/wbs\/wp-json\/wp\/v2\/posts"}],"about":[{"href":"https:\/\/www.convittocampanella.edu.it\/wbs\/wp-json\/wp\/v2\/types\/post"}],"author":[{"embeddable":true,"href":"https:\/\/www.convittocampanella.edu.it\/wbs\/wp-json\/wp\/v2\/users\/3"}],"replies":[{"embeddable":true,"href":"https:\/\/www.convittocampanella.edu.it\/wbs\/wp-json\/wp\/v2\/comments?post=19100"}],"version-history":[{"count":0,"href":"https:\/\/www.convittocampanella.edu.it\/wbs\/wp-json\/wp\/v2\/posts\/19100\/revisions"}],"wp:featuredmedia":[{"embeddable":true,"href":"https:\/\/www.convittocampanella.edu.it\/wbs\/wp-json\/wp\/v2\/media\/19101"}],"wp:attachment":[{"href":"https:\/\/www.convittocampanella.edu.it\/wbs\/wp-json\/wp\/v2\/media?parent=19100"}],"wp:term":[{"taxonomy":"category","embeddable":true,"href":"https:\/\/www.convittocampanella.edu.it\/wbs\/wp-json\/wp\/v2\/categories?post=19100"},{"taxonomy":"post_tag","embeddable":true,"href":"https:\/\/www.convittocampanella.edu.it\/wbs\/wp-json\/wp\/v2\/tags?post=19100"}],"curies":[{"name":"wp","href":"https:\/\/api.w.org\/{rel}","templated":true}]}}